{"id":8243,"count":1,"description":"","link":"https:\/\/armstrongyregion.com.ar\/diario\/tag\/corte-programado-de-energia-electrica-para-el-dia-sabado-24-de-agosto\/","name":"Corte programado de Energ\u00eda El\u00e9ctrica para el d\u00eda s\u00e1bado 24 de agosto.","slug":"corte-programado-de-energia-electrica-para-el-dia-sabado-24-de-agosto","taxonomy":"post_tag","meta":[],"_links":{"self":[{"href":"https:\/\/armstrongyregion.com.ar\/diario\/wp-json\/wp\/v2\/tags\/8243","targetHints":{"allow":["GET"]}}],"collection":[{"href":"https:\/\/armstrongyregion.com.ar\/diario\/wp-json\/wp\/v2\/tags"}],"about":[{"href":"https:\/\/armstrongyregion.com.ar\/diario\/wp-json\/wp\/v2\/taxonomies\/post_tag"}],"wp:post_type":[{"href":"https:\/\/armstrongyregion.com.ar\/diario\/wp-json\/wp\/v2\/posts?tags=8243"}],"curies":[{"name":"wp","href":"https:\/\/api.w.org\/{rel}","templated":true}]}}