{"id":8044,"count":1,"description":"","link":"https:\/\/armstrongyregion.com.ar\/diario\/tag\/gramigna-somos-la-fuerza-politica-que-mas-crecio-en-los-ultimos-anos\/","name":"Gramigna: \u201cSomos la fuerza Pol\u00edtica que m\u00e1s creci\u00f3 en los \u00faltimos a\u00f1os\u201d","slug":"gramigna-somos-la-fuerza-politica-que-mas-crecio-en-los-ultimos-anos","taxonomy":"post_tag","meta":[],"_links":{"self":[{"href":"https:\/\/armstrongyregion.com.ar\/diario\/wp-json\/wp\/v2\/tags\/8044","targetHints":{"allow":["GET"]}}],"collection":[{"href":"https:\/\/armstrongyregion.com.ar\/diario\/wp-json\/wp\/v2\/tags"}],"about":[{"href":"https:\/\/armstrongyregion.com.ar\/diario\/wp-json\/wp\/v2\/taxonomies\/post_tag"}],"wp:post_type":[{"href":"https:\/\/armstrongyregion.com.ar\/diario\/wp-json\/wp\/v2\/posts?tags=8044"}],"curies":[{"name":"wp","href":"https:\/\/api.w.org\/{rel}","templated":true}]}}