{"id":8027,"count":1,"description":"","link":"https:\/\/armstrongyregion.com.ar\/diario\/tag\/stella-clerici-continuara-al-frente-del-municipio-en-canada-de-gomez\/","name":"Stella Cl\u00e9rici continuar\u00e1 al frente del Municipio en Ca\u00f1ada de G\u00f3mez","slug":"stella-clerici-continuara-al-frente-del-municipio-en-canada-de-gomez","taxonomy":"post_tag","meta":[],"_links":{"self":[{"href":"https:\/\/armstrongyregion.com.ar\/diario\/wp-json\/wp\/v2\/tags\/8027","targetHints":{"allow":["GET"]}}],"collection":[{"href":"https:\/\/armstrongyregion.com.ar\/diario\/wp-json\/wp\/v2\/tags"}],"about":[{"href":"https:\/\/armstrongyregion.com.ar\/diario\/wp-json\/wp\/v2\/taxonomies\/post_tag"}],"wp:post_type":[{"href":"https:\/\/armstrongyregion.com.ar\/diario\/wp-json\/wp\/v2\/posts?tags=8027"}],"curies":[{"name":"wp","href":"https:\/\/api.w.org\/{rel}","templated":true}]}}