{"id":7833,"count":1,"description":"","link":"https:\/\/armstrongyregion.com.ar\/diario\/tag\/el-miercoles-1-de-mayo-no-habra-recoleccion-de-residuos\/","name":"El mi\u00e9rcoles 1 de mayo no habr\u00e1 recolecci\u00f3n de residuos","slug":"el-miercoles-1-de-mayo-no-habra-recoleccion-de-residuos","taxonomy":"post_tag","meta":[],"_links":{"self":[{"href":"https:\/\/armstrongyregion.com.ar\/diario\/wp-json\/wp\/v2\/tags\/7833","targetHints":{"allow":["GET"]}}],"collection":[{"href":"https:\/\/armstrongyregion.com.ar\/diario\/wp-json\/wp\/v2\/tags"}],"about":[{"href":"https:\/\/armstrongyregion.com.ar\/diario\/wp-json\/wp\/v2\/taxonomies\/post_tag"}],"wp:post_type":[{"href":"https:\/\/armstrongyregion.com.ar\/diario\/wp-json\/wp\/v2\/posts?tags=7833"}],"curies":[{"name":"wp","href":"https:\/\/api.w.org\/{rel}","templated":true}]}}