{"id":7707,"count":1,"description":"","link":"https:\/\/armstrongyregion.com.ar\/diario\/tag\/cornaglia-se-refirio-a-la-situacion-economica-nacional\/","name":"Cornaglia se refiri\u00f3 a la situaci\u00f3n econ\u00f3mica nacional.","slug":"cornaglia-se-refirio-a-la-situacion-economica-nacional","taxonomy":"post_tag","meta":[],"_links":{"self":[{"href":"https:\/\/armstrongyregion.com.ar\/diario\/wp-json\/wp\/v2\/tags\/7707","targetHints":{"allow":["GET"]}}],"collection":[{"href":"https:\/\/armstrongyregion.com.ar\/diario\/wp-json\/wp\/v2\/tags"}],"about":[{"href":"https:\/\/armstrongyregion.com.ar\/diario\/wp-json\/wp\/v2\/taxonomies\/post_tag"}],"wp:post_type":[{"href":"https:\/\/armstrongyregion.com.ar\/diario\/wp-json\/wp\/v2\/posts?tags=7707"}],"curies":[{"name":"wp","href":"https:\/\/api.w.org\/{rel}","templated":true}]}}