{"id":7659,"count":1,"description":"","link":"https:\/\/armstrongyregion.com.ar\/diario\/tag\/verdecchia-recomendo-que-no-se-utilice-el-recinto-para-hacer-campana-en-este-ano-electoral\/","name":"Verdecchia recomend\u00f3 que no se utilice el recinto para hacer campa\u00f1a en este a\u00f1o electoral.","slug":"verdecchia-recomendo-que-no-se-utilice-el-recinto-para-hacer-campana-en-este-ano-electoral","taxonomy":"post_tag","meta":[],"_links":{"self":[{"href":"https:\/\/armstrongyregion.com.ar\/diario\/wp-json\/wp\/v2\/tags\/7659","targetHints":{"allow":["GET"]}}],"collection":[{"href":"https:\/\/armstrongyregion.com.ar\/diario\/wp-json\/wp\/v2\/tags"}],"about":[{"href":"https:\/\/armstrongyregion.com.ar\/diario\/wp-json\/wp\/v2\/taxonomies\/post_tag"}],"wp:post_type":[{"href":"https:\/\/armstrongyregion.com.ar\/diario\/wp-json\/wp\/v2\/posts?tags=7659"}],"curies":[{"name":"wp","href":"https:\/\/api.w.org\/{rel}","templated":true}]}}