{"id":7619,"count":1,"description":"","link":"https:\/\/armstrongyregion.com.ar\/diario\/tag\/clerici-inauguro-obras-en-el-cef-junto-a-la-ministra-de-educacion\/","name":"Cl\u00e9rici inaugur\u00f3 obras en el CEF junto a la Ministra de Educaci\u00f3n.","slug":"clerici-inauguro-obras-en-el-cef-junto-a-la-ministra-de-educacion","taxonomy":"post_tag","meta":[],"_links":{"self":[{"href":"https:\/\/armstrongyregion.com.ar\/diario\/wp-json\/wp\/v2\/tags\/7619","targetHints":{"allow":["GET"]}}],"collection":[{"href":"https:\/\/armstrongyregion.com.ar\/diario\/wp-json\/wp\/v2\/tags"}],"about":[{"href":"https:\/\/armstrongyregion.com.ar\/diario\/wp-json\/wp\/v2\/taxonomies\/post_tag"}],"wp:post_type":[{"href":"https:\/\/armstrongyregion.com.ar\/diario\/wp-json\/wp\/v2\/posts?tags=7619"}],"curies":[{"name":"wp","href":"https:\/\/api.w.org\/{rel}","templated":true}]}}