{"id":7495,"count":1,"description":"","link":"https:\/\/armstrongyregion.com.ar\/diario\/tag\/lifschitz-dijo-que-sera-dificil-recuperar-y-mantener-las-economias-regionales\/","name":"Lifschitz dijo que \"ser\u00e1 dif\u00edcil recuperar y mantener las econom\u00edas regionales\"","slug":"lifschitz-dijo-que-sera-dificil-recuperar-y-mantener-las-economias-regionales","taxonomy":"post_tag","meta":[],"_links":{"self":[{"href":"https:\/\/armstrongyregion.com.ar\/diario\/wp-json\/wp\/v2\/tags\/7495","targetHints":{"allow":["GET"]}}],"collection":[{"href":"https:\/\/armstrongyregion.com.ar\/diario\/wp-json\/wp\/v2\/tags"}],"about":[{"href":"https:\/\/armstrongyregion.com.ar\/diario\/wp-json\/wp\/v2\/taxonomies\/post_tag"}],"wp:post_type":[{"href":"https:\/\/armstrongyregion.com.ar\/diario\/wp-json\/wp\/v2\/posts?tags=7495"}],"curies":[{"name":"wp","href":"https:\/\/api.w.org\/{rel}","templated":true}]}}