{"id":7304,"count":1,"description":"","link":"https:\/\/armstrongyregion.com.ar\/diario\/tag\/se-dictara-en-canada-de-gomez-el-profesorado-de-educacion-superior\/","name":"Se dictar\u00e1 en Ca\u00f1ada de G\u00f3mez el profesorado de Educaci\u00f3n Superior.","slug":"se-dictara-en-canada-de-gomez-el-profesorado-de-educacion-superior","taxonomy":"post_tag","meta":[],"_links":{"self":[{"href":"https:\/\/armstrongyregion.com.ar\/diario\/wp-json\/wp\/v2\/tags\/7304","targetHints":{"allow":["GET"]}}],"collection":[{"href":"https:\/\/armstrongyregion.com.ar\/diario\/wp-json\/wp\/v2\/tags"}],"about":[{"href":"https:\/\/armstrongyregion.com.ar\/diario\/wp-json\/wp\/v2\/taxonomies\/post_tag"}],"wp:post_type":[{"href":"https:\/\/armstrongyregion.com.ar\/diario\/wp-json\/wp\/v2\/posts?tags=7304"}],"curies":[{"name":"wp","href":"https:\/\/api.w.org\/{rel}","templated":true}]}}