{"id":6920,"count":1,"description":"","link":"https:\/\/armstrongyregion.com.ar\/diario\/tag\/correa-capacitacion-folclorica-a-cargo-de-compania-alma-argentina-y-pena-el-amanecer\/","name":"Correa: Capacitaci\u00f3n Folcl\u00f3rica a cargo de Compa\u00f1\u00eda Alma Argentina y Pe\u00f1a El Amanecer.","slug":"correa-capacitacion-folclorica-a-cargo-de-compania-alma-argentina-y-pena-el-amanecer","taxonomy":"post_tag","meta":[],"_links":{"self":[{"href":"https:\/\/armstrongyregion.com.ar\/diario\/wp-json\/wp\/v2\/tags\/6920","targetHints":{"allow":["GET"]}}],"collection":[{"href":"https:\/\/armstrongyregion.com.ar\/diario\/wp-json\/wp\/v2\/tags"}],"about":[{"href":"https:\/\/armstrongyregion.com.ar\/diario\/wp-json\/wp\/v2\/taxonomies\/post_tag"}],"wp:post_type":[{"href":"https:\/\/armstrongyregion.com.ar\/diario\/wp-json\/wp\/v2\/posts?tags=6920"}],"curies":[{"name":"wp","href":"https:\/\/api.w.org\/{rel}","templated":true}]}}