{"id":6717,"count":1,"description":"","link":"https:\/\/armstrongyregion.com.ar\/diario\/tag\/comunicado-habilitacion-semaforo-en-esquina-delfo-cabrera-y-martinez\/","name":"Comunicado habilitaci\u00f3n sem\u00e1foro en esquina Delfo Cabrera y Mart\u00ednez.","slug":"comunicado-habilitacion-semaforo-en-esquina-delfo-cabrera-y-martinez","taxonomy":"post_tag","meta":[],"_links":{"self":[{"href":"https:\/\/armstrongyregion.com.ar\/diario\/wp-json\/wp\/v2\/tags\/6717","targetHints":{"allow":["GET"]}}],"collection":[{"href":"https:\/\/armstrongyregion.com.ar\/diario\/wp-json\/wp\/v2\/tags"}],"about":[{"href":"https:\/\/armstrongyregion.com.ar\/diario\/wp-json\/wp\/v2\/taxonomies\/post_tag"}],"wp:post_type":[{"href":"https:\/\/armstrongyregion.com.ar\/diario\/wp-json\/wp\/v2\/posts?tags=6717"}],"curies":[{"name":"wp","href":"https:\/\/api.w.org\/{rel}","templated":true}]}}