{"id":6210,"count":1,"description":"","link":"https:\/\/armstrongyregion.com.ar\/diario\/tag\/el-encendido-del-arbol-navideno-frente-a-plaza-flotron-convoco-a-grandes-y-chicos\/","name":"El encendido del \u00e1rbol navide\u00f1o frente a Plaza Flotron convoc\u00f3 a grandes y chicos.","slug":"el-encendido-del-arbol-navideno-frente-a-plaza-flotron-convoco-a-grandes-y-chicos","taxonomy":"post_tag","meta":[],"_links":{"self":[{"href":"https:\/\/armstrongyregion.com.ar\/diario\/wp-json\/wp\/v2\/tags\/6210","targetHints":{"allow":["GET"]}}],"collection":[{"href":"https:\/\/armstrongyregion.com.ar\/diario\/wp-json\/wp\/v2\/tags"}],"about":[{"href":"https:\/\/armstrongyregion.com.ar\/diario\/wp-json\/wp\/v2\/taxonomies\/post_tag"}],"wp:post_type":[{"href":"https:\/\/armstrongyregion.com.ar\/diario\/wp-json\/wp\/v2\/posts?tags=6210"}],"curies":[{"name":"wp","href":"https:\/\/api.w.org\/{rel}","templated":true}]}}