{"id":6157,"count":1,"description":"","link":"https:\/\/armstrongyregion.com.ar\/diario\/tag\/marozzi-la-sesion-preparatoria-es-una-sesion-cerrada-y-ahi-hablaran-sobre-la-presidencia\/","name":"Marozzi: \u201cLa sesi\u00f3n preparatoria es una sesi\u00f3n cerrada y ah\u00ed hablaran sobre la presidencia\u201d.","slug":"marozzi-la-sesion-preparatoria-es-una-sesion-cerrada-y-ahi-hablaran-sobre-la-presidencia","taxonomy":"post_tag","meta":[],"_links":{"self":[{"href":"https:\/\/armstrongyregion.com.ar\/diario\/wp-json\/wp\/v2\/tags\/6157","targetHints":{"allow":["GET"]}}],"collection":[{"href":"https:\/\/armstrongyregion.com.ar\/diario\/wp-json\/wp\/v2\/tags"}],"about":[{"href":"https:\/\/armstrongyregion.com.ar\/diario\/wp-json\/wp\/v2\/taxonomies\/post_tag"}],"wp:post_type":[{"href":"https:\/\/armstrongyregion.com.ar\/diario\/wp-json\/wp\/v2\/posts?tags=6157"}],"curies":[{"name":"wp","href":"https:\/\/api.w.org\/{rel}","templated":true}]}}