{"id":6073,"count":1,"description":"","link":"https:\/\/armstrongyregion.com.ar\/diario\/tag\/cable-imagen-armstrong-celebro-sus-30-anos-con-la-inauguracion-de-un-sum\/","name":"Cable Imagen Armstrong celebr\u00f3 sus 30 a\u00f1os con la inauguraci\u00f3n de un SUM.","slug":"cable-imagen-armstrong-celebro-sus-30-anos-con-la-inauguracion-de-un-sum","taxonomy":"post_tag","meta":[],"_links":{"self":[{"href":"https:\/\/armstrongyregion.com.ar\/diario\/wp-json\/wp\/v2\/tags\/6073","targetHints":{"allow":["GET"]}}],"collection":[{"href":"https:\/\/armstrongyregion.com.ar\/diario\/wp-json\/wp\/v2\/tags"}],"about":[{"href":"https:\/\/armstrongyregion.com.ar\/diario\/wp-json\/wp\/v2\/taxonomies\/post_tag"}],"wp:post_type":[{"href":"https:\/\/armstrongyregion.com.ar\/diario\/wp-json\/wp\/v2\/posts?tags=6073"}],"curies":[{"name":"wp","href":"https:\/\/api.w.org\/{rel}","templated":true}]}}