{"id":5769,"count":1,"description":"","link":"https:\/\/armstrongyregion.com.ar\/diario\/tag\/canada-de-gomez-culmino-con-exito-la-3ra-edicion-de-la-feria-del-libro\/","name":"Ca\u00f1ada de G\u00f3mez. Culmin\u00f3 con \u00e9xito la 3ra Edici\u00f3n de la Feria del Libro.","slug":"canada-de-gomez-culmino-con-exito-la-3ra-edicion-de-la-feria-del-libro","taxonomy":"post_tag","meta":[],"_links":{"self":[{"href":"https:\/\/armstrongyregion.com.ar\/diario\/wp-json\/wp\/v2\/tags\/5769","targetHints":{"allow":["GET"]}}],"collection":[{"href":"https:\/\/armstrongyregion.com.ar\/diario\/wp-json\/wp\/v2\/tags"}],"about":[{"href":"https:\/\/armstrongyregion.com.ar\/diario\/wp-json\/wp\/v2\/taxonomies\/post_tag"}],"wp:post_type":[{"href":"https:\/\/armstrongyregion.com.ar\/diario\/wp-json\/wp\/v2\/posts?tags=5769"}],"curies":[{"name":"wp","href":"https:\/\/api.w.org\/{rel}","templated":true}]}}