{"id":5631,"count":1,"description":"","link":"https:\/\/armstrongyregion.com.ar\/diario\/tag\/canada-de-gomez-docientos-estudiantes-vivieron-la-v-edicion-de-cortos-72-horas\/","name":"Ca\u00f1ada de G\u00f3mez. Docientos estudiantes vivieron la V edici\u00f3n de cortos 72 horas.","slug":"canada-de-gomez-docientos-estudiantes-vivieron-la-v-edicion-de-cortos-72-horas","taxonomy":"post_tag","meta":[],"_links":{"self":[{"href":"https:\/\/armstrongyregion.com.ar\/diario\/wp-json\/wp\/v2\/tags\/5631","targetHints":{"allow":["GET"]}}],"collection":[{"href":"https:\/\/armstrongyregion.com.ar\/diario\/wp-json\/wp\/v2\/tags"}],"about":[{"href":"https:\/\/armstrongyregion.com.ar\/diario\/wp-json\/wp\/v2\/taxonomies\/post_tag"}],"wp:post_type":[{"href":"https:\/\/armstrongyregion.com.ar\/diario\/wp-json\/wp\/v2\/posts?tags=5631"}],"curies":[{"name":"wp","href":"https:\/\/api.w.org\/{rel}","templated":true}]}}