{"id":5549,"count":1,"description":"","link":"https:\/\/armstrongyregion.com.ar\/diario\/tag\/preocupa-la-importacion-de-maquinas-agricolas\/","name":"Preocupa la importaci\u00f3n de m\u00e1quinas agr\u00edcolas","slug":"preocupa-la-importacion-de-maquinas-agricolas","taxonomy":"post_tag","meta":[],"_links":{"self":[{"href":"https:\/\/armstrongyregion.com.ar\/diario\/wp-json\/wp\/v2\/tags\/5549","targetHints":{"allow":["GET"]}}],"collection":[{"href":"https:\/\/armstrongyregion.com.ar\/diario\/wp-json\/wp\/v2\/tags"}],"about":[{"href":"https:\/\/armstrongyregion.com.ar\/diario\/wp-json\/wp\/v2\/taxonomies\/post_tag"}],"wp:post_type":[{"href":"https:\/\/armstrongyregion.com.ar\/diario\/wp-json\/wp\/v2\/posts?tags=5549"}],"curies":[{"name":"wp","href":"https:\/\/api.w.org\/{rel}","templated":true}]}}