{"id":5488,"count":1,"description":"","link":"https:\/\/armstrongyregion.com.ar\/diario\/tag\/rasetto-y-segretin-en-la-reunion-del-consejo-de-seguridad-de-canada-de-gomez\/","name":"Rasetto y Segretin en la reuni\u00f3n del Consejo de Seguridad de Ca\u00f1ada de G\u00f3mez.","slug":"rasetto-y-segretin-en-la-reunion-del-consejo-de-seguridad-de-canada-de-gomez","taxonomy":"post_tag","meta":[],"_links":{"self":[{"href":"https:\/\/armstrongyregion.com.ar\/diario\/wp-json\/wp\/v2\/tags\/5488","targetHints":{"allow":["GET"]}}],"collection":[{"href":"https:\/\/armstrongyregion.com.ar\/diario\/wp-json\/wp\/v2\/tags"}],"about":[{"href":"https:\/\/armstrongyregion.com.ar\/diario\/wp-json\/wp\/v2\/taxonomies\/post_tag"}],"wp:post_type":[{"href":"https:\/\/armstrongyregion.com.ar\/diario\/wp-json\/wp\/v2\/posts?tags=5488"}],"curies":[{"name":"wp","href":"https:\/\/api.w.org\/{rel}","templated":true}]}}