{"id":5414,"count":1,"description":"","link":"https:\/\/armstrongyregion.com.ar\/diario\/tag\/fischer-la-perdida-del-dr-ricardo-principe-causo-gran-penar-en-los-dirigentes-politicos\/","name":"Fischer: \u201cLa p\u00e9rdida del Dr. Ricardo Pr\u00edncipe causo gran penar en los dirigentes pol\u00edticos\u201d.","slug":"fischer-la-perdida-del-dr-ricardo-principe-causo-gran-penar-en-los-dirigentes-politicos","taxonomy":"post_tag","meta":[],"_links":{"self":[{"href":"https:\/\/armstrongyregion.com.ar\/diario\/wp-json\/wp\/v2\/tags\/5414","targetHints":{"allow":["GET"]}}],"collection":[{"href":"https:\/\/armstrongyregion.com.ar\/diario\/wp-json\/wp\/v2\/tags"}],"about":[{"href":"https:\/\/armstrongyregion.com.ar\/diario\/wp-json\/wp\/v2\/taxonomies\/post_tag"}],"wp:post_type":[{"href":"https:\/\/armstrongyregion.com.ar\/diario\/wp-json\/wp\/v2\/posts?tags=5414"}],"curies":[{"name":"wp","href":"https:\/\/api.w.org\/{rel}","templated":true}]}}