{"id":5328,"count":1,"description":"","link":"https:\/\/armstrongyregion.com.ar\/diario\/tag\/ministerio-de-produccion-de-nacion-inauguracion-y-aportes\/","name":"Ministerio de Producci\u00f3n de Naci\u00f3n. Inauguraci\u00f3n y aportes.","slug":"ministerio-de-produccion-de-nacion-inauguracion-y-aportes","taxonomy":"post_tag","meta":[],"_links":{"self":[{"href":"https:\/\/armstrongyregion.com.ar\/diario\/wp-json\/wp\/v2\/tags\/5328","targetHints":{"allow":["GET"]}}],"collection":[{"href":"https:\/\/armstrongyregion.com.ar\/diario\/wp-json\/wp\/v2\/tags"}],"about":[{"href":"https:\/\/armstrongyregion.com.ar\/diario\/wp-json\/wp\/v2\/taxonomies\/post_tag"}],"wp:post_type":[{"href":"https:\/\/armstrongyregion.com.ar\/diario\/wp-json\/wp\/v2\/posts?tags=5328"}],"curies":[{"name":"wp","href":"https:\/\/api.w.org\/{rel}","templated":true}]}}