{"id":5202,"count":1,"description":"","link":"https:\/\/armstrongyregion.com.ar\/diario\/tag\/canada-de-gomez-clerici-se-reunio-con-industriales-del-segundo-parque\/","name":"Ca\u00f1ada de G\u00f3mez. Clerici se reuni\u00f3 con industriales del segundo parque","slug":"canada-de-gomez-clerici-se-reunio-con-industriales-del-segundo-parque","taxonomy":"post_tag","meta":[],"_links":{"self":[{"href":"https:\/\/armstrongyregion.com.ar\/diario\/wp-json\/wp\/v2\/tags\/5202","targetHints":{"allow":["GET"]}}],"collection":[{"href":"https:\/\/armstrongyregion.com.ar\/diario\/wp-json\/wp\/v2\/tags"}],"about":[{"href":"https:\/\/armstrongyregion.com.ar\/diario\/wp-json\/wp\/v2\/taxonomies\/post_tag"}],"wp:post_type":[{"href":"https:\/\/armstrongyregion.com.ar\/diario\/wp-json\/wp\/v2\/posts?tags=5202"}],"curies":[{"name":"wp","href":"https:\/\/api.w.org\/{rel}","templated":true}]}}