{"id":5195,"count":1,"description":"","link":"https:\/\/armstrongyregion.com.ar\/diario\/tag\/manana-habra-recoleccion-de-residuos-con-normalidad\/","name":"Ma\u00f1ana habr\u00e1 recolecci\u00f3n de residuos con normalidad","slug":"manana-habra-recoleccion-de-residuos-con-normalidad","taxonomy":"post_tag","meta":[],"_links":{"self":[{"href":"https:\/\/armstrongyregion.com.ar\/diario\/wp-json\/wp\/v2\/tags\/5195","targetHints":{"allow":["GET"]}}],"collection":[{"href":"https:\/\/armstrongyregion.com.ar\/diario\/wp-json\/wp\/v2\/tags"}],"about":[{"href":"https:\/\/armstrongyregion.com.ar\/diario\/wp-json\/wp\/v2\/taxonomies\/post_tag"}],"wp:post_type":[{"href":"https:\/\/armstrongyregion.com.ar\/diario\/wp-json\/wp\/v2\/posts?tags=5195"}],"curies":[{"name":"wp","href":"https:\/\/api.w.org\/{rel}","templated":true}]}}