{"id":4978,"count":1,"description":"","link":"https:\/\/armstrongyregion.com.ar\/diario\/tag\/canada-de-gomez-el-sabado-se-realiza-la-2-pre-lunas\/","name":"Ca\u00f1ada de G\u00f3mez. El s\u00e1bado se realiza la 2\u00b0 Pre Lunas","slug":"canada-de-gomez-el-sabado-se-realiza-la-2-pre-lunas","taxonomy":"post_tag","meta":[],"_links":{"self":[{"href":"https:\/\/armstrongyregion.com.ar\/diario\/wp-json\/wp\/v2\/tags\/4978","targetHints":{"allow":["GET"]}}],"collection":[{"href":"https:\/\/armstrongyregion.com.ar\/diario\/wp-json\/wp\/v2\/tags"}],"about":[{"href":"https:\/\/armstrongyregion.com.ar\/diario\/wp-json\/wp\/v2\/taxonomies\/post_tag"}],"wp:post_type":[{"href":"https:\/\/armstrongyregion.com.ar\/diario\/wp-json\/wp\/v2\/posts?tags=4978"}],"curies":[{"name":"wp","href":"https:\/\/api.w.org\/{rel}","templated":true}]}}