{"id":4910,"count":1,"description":"","link":"https:\/\/armstrongyregion.com.ar\/diario\/tag\/canada-de-gomez-se-realizo-la-1-pre-lunas-y-23-edicion-del-jardin-folclorico\/","name":"Ca\u00f1ada de G\u00f3mez. Se realiz\u00f3 la 1\u00b0 Pre Lunas y 23 \u00b0Edicion del Jard\u00edn Folcl\u00f3rico.","slug":"canada-de-gomez-se-realizo-la-1-pre-lunas-y-23-edicion-del-jardin-folclorico","taxonomy":"post_tag","meta":[],"_links":{"self":[{"href":"https:\/\/armstrongyregion.com.ar\/diario\/wp-json\/wp\/v2\/tags\/4910","targetHints":{"allow":["GET"]}}],"collection":[{"href":"https:\/\/armstrongyregion.com.ar\/diario\/wp-json\/wp\/v2\/tags"}],"about":[{"href":"https:\/\/armstrongyregion.com.ar\/diario\/wp-json\/wp\/v2\/taxonomies\/post_tag"}],"wp:post_type":[{"href":"https:\/\/armstrongyregion.com.ar\/diario\/wp-json\/wp\/v2\/posts?tags=4910"}],"curies":[{"name":"wp","href":"https:\/\/api.w.org\/{rel}","templated":true}]}}