{"id":4812,"count":1,"description":"","link":"https:\/\/armstrongyregion.com.ar\/diario\/tag\/asesinato-de-gerardo-torresi-fiscalia-pidio-procesamiento-y-detencion-del-imputado\/","name":"Asesinato de Gerardo Torresi. Fiscal\u00eda pidi\u00f3 procesamiento y detenci\u00f3n del imputado.","slug":"asesinato-de-gerardo-torresi-fiscalia-pidio-procesamiento-y-detencion-del-imputado","taxonomy":"post_tag","meta":[],"_links":{"self":[{"href":"https:\/\/armstrongyregion.com.ar\/diario\/wp-json\/wp\/v2\/tags\/4812","targetHints":{"allow":["GET"]}}],"collection":[{"href":"https:\/\/armstrongyregion.com.ar\/diario\/wp-json\/wp\/v2\/tags"}],"about":[{"href":"https:\/\/armstrongyregion.com.ar\/diario\/wp-json\/wp\/v2\/taxonomies\/post_tag"}],"wp:post_type":[{"href":"https:\/\/armstrongyregion.com.ar\/diario\/wp-json\/wp\/v2\/posts?tags=4812"}],"curies":[{"name":"wp","href":"https:\/\/api.w.org\/{rel}","templated":true}]}}