{"id":4701,"count":1,"description":"","link":"https:\/\/armstrongyregion.com.ar\/diario\/tag\/preocupacion-por-la-situacion-laboral-en-otra-empresa-de-la-region\/","name":"Preocupaci\u00f3n por la situaci\u00f3n laboral en otra empresa de la regi\u00f3n","slug":"preocupacion-por-la-situacion-laboral-en-otra-empresa-de-la-region","taxonomy":"post_tag","meta":[],"_links":{"self":[{"href":"https:\/\/armstrongyregion.com.ar\/diario\/wp-json\/wp\/v2\/tags\/4701","targetHints":{"allow":["GET"]}}],"collection":[{"href":"https:\/\/armstrongyregion.com.ar\/diario\/wp-json\/wp\/v2\/tags"}],"about":[{"href":"https:\/\/armstrongyregion.com.ar\/diario\/wp-json\/wp\/v2\/taxonomies\/post_tag"}],"wp:post_type":[{"href":"https:\/\/armstrongyregion.com.ar\/diario\/wp-json\/wp\/v2\/posts?tags=4701"}],"curies":[{"name":"wp","href":"https:\/\/api.w.org\/{rel}","templated":true}]}}