{"id":4586,"count":1,"description":"","link":"https:\/\/armstrongyregion.com.ar\/diario\/tag\/rasetto-participo-de-una-reunion-sobre-la-problematica-del-carcarana\/","name":"Rasetto particip\u00f3 de una reuni\u00f3n sobre la problem\u00e1tica del Carcara\u00f1\u00e1.","slug":"rasetto-participo-de-una-reunion-sobre-la-problematica-del-carcarana","taxonomy":"post_tag","meta":[],"_links":{"self":[{"href":"https:\/\/armstrongyregion.com.ar\/diario\/wp-json\/wp\/v2\/tags\/4586","targetHints":{"allow":["GET"]}}],"collection":[{"href":"https:\/\/armstrongyregion.com.ar\/diario\/wp-json\/wp\/v2\/tags"}],"about":[{"href":"https:\/\/armstrongyregion.com.ar\/diario\/wp-json\/wp\/v2\/taxonomies\/post_tag"}],"wp:post_type":[{"href":"https:\/\/armstrongyregion.com.ar\/diario\/wp-json\/wp\/v2\/posts?tags=4586"}],"curies":[{"name":"wp","href":"https:\/\/api.w.org\/{rel}","templated":true}]}}