{"id":4441,"count":1,"description":"","link":"https:\/\/armstrongyregion.com.ar\/diario\/tag\/una-noche-de-encuentros-y-produccion-cultural-se-vivio-en-pena-el-amanecer\/","name":"Una noche de encuentros y producci\u00f3n cultural se vivi\u00f3 en Pe\u00f1a \u201cEl Amanecer\u201d","slug":"una-noche-de-encuentros-y-produccion-cultural-se-vivio-en-pena-el-amanecer","taxonomy":"post_tag","meta":[],"_links":{"self":[{"href":"https:\/\/armstrongyregion.com.ar\/diario\/wp-json\/wp\/v2\/tags\/4441","targetHints":{"allow":["GET"]}}],"collection":[{"href":"https:\/\/armstrongyregion.com.ar\/diario\/wp-json\/wp\/v2\/tags"}],"about":[{"href":"https:\/\/armstrongyregion.com.ar\/diario\/wp-json\/wp\/v2\/taxonomies\/post_tag"}],"wp:post_type":[{"href":"https:\/\/armstrongyregion.com.ar\/diario\/wp-json\/wp\/v2\/posts?tags=4441"}],"curies":[{"name":"wp","href":"https:\/\/api.w.org\/{rel}","templated":true}]}}