{"id":9977,"date":"2016-10-09T22:24:26","date_gmt":"2016-10-09T22:24:26","guid":{"rendered":"https:\/\/armstrongyregion.com.ar\/diario\/?p=9977"},"modified":"2016-10-09T22:24:26","modified_gmt":"2016-10-09T22:24:26","slug":"la-tasa-de-cancer-en-el-sur-de-santa-fe-casi-duplica-a-la-media-nacional","status":"publish","type":"post","link":"https:\/\/armstrongyregion.com.ar\/diario\/la-tasa-de-cancer-en-el-sur-de-santa-fe-casi-duplica-a-la-media-nacional\/","title":{"rendered":"La tasa de c\u00e1ncer en el sur de Santa Fe casi duplica a la media nacional."},"content":{"rendered":"<p><a href=\"http:\/\/armstrongyregion.com.ar\/diario\/wp-content\/uploads\/2016\/10\/fitosanitarios.jpg\"><img loading=\"lazy\" decoding=\"async\" src=\"http:\/\/armstrongyregion.com.ar\/diario\/wp-content\/uploads\/2016\/10\/fitosanitarios.jpg\" alt=\"fitosanitarios\" width=\"642\" height=\"500\" class=\"alignnone size-full wp-image-9978\" srcset=\"https:\/\/armstrongyregion.com.ar\/diario\/wp-content\/uploads\/2016\/10\/fitosanitarios.jpg 642w, https:\/\/armstrongyregion.com.ar\/diario\/wp-content\/uploads\/2016\/10\/fitosanitarios-300x234.jpg 300w\" sizes=\"auto, (max-width: 642px) 100vw, 642px\" \/><\/a>El dato es el resultado de los campamentos sanitarios que se vienen desarrollando desde 2010 en numerosas localidades.<br \/>\nLa tasa de c\u00e1ncer en el sur de la provincia de Santa Fe casi duplica el promedio de Argentina seg\u00fan relevamientos realizados en decenas de localidades desde 2010 a la fecha por equipos de profesionales de la c\u00e1tedra de Salud Socioambiental de la Facultad de Medicina de la UNR.<\/p>\n<p>La multiplicaci\u00f3n de este tipo de patolog\u00edas, as\u00ed como la consolidaci\u00f3n de otras enfermedades graves como el hipotiroidismo, est\u00e1 asociada a la exposici\u00f3n frecuente y reiterada en el tiempo a los c\u00f3cteles de agroqu\u00edmicos que utiliza de manera indiscriminada la industria agropecuaria.<\/p>\n<p>As\u00ed lo detall\u00f3 Dami\u00e1n Verze\u00f1assi, director del Instituto de Salud Socioambiental de esa facultad y responsable acad\u00e9mico de la materia Salud Socioambiental y de la pr\u00e1ctica final de medicina, quien explic\u00f3 que cuando se analizan los datos recabados en miles de entrevistas a pobladores de localidades de no m\u00e1s de 10 mil habitantes ubicadas en la zona n\u00facleo agropecuaria, algunos datos sacuden los promedios estad\u00edsticos de salud: por ejemplo, entre las patolog\u00edas cr\u00f3nicas encontraron el hipotiroidismo como segunda enfermedad m\u00e1s frecuente, incluso m\u00e1s que la diabetes, lo que contradice los registros de Argentina a nivel pa\u00eds.<\/p>\n<p>Pero es en las consultas sobre c\u00e1ncer donde aparecieron los datos m\u00e1s perturbadores: adem\u00e1s de indagar sobre los casos de esa enfermedad aparecidos en cada familia durante los \u00faltimos 15 a\u00f1os, en las comunidades relevadas durante el a\u00f1o 2013 la tasa bruta de c\u00e1ncer es de 397,4 por 100 mil habitantes, muy por encima de la media argentina que es 217 por 100 mil (seg\u00fan datos de 2012, los \u00faltimos oficiales) y casi tres veces m\u00e1s de lo estimado para el pa\u00eds por el Instituto Nacional del C\u00e1ncer a partir de los datos de la Organizaci\u00f3n Mundial de la Salud (OMS), que era \u2014para 2012\u2014 de entre 172,3 y 242,9 casos por 100 mil habitantes.<\/p>\n<p>\u00abEn la zona de expansi\u00f3n del modelo agroindustrial vemos otra forma de enfermar y morir\u00bb<br \/>\nTwitear<br \/>\nExpuestas. \u00abEn las localidades que hemos recorrido, ubicadas en zona de expansi\u00f3n del modelo agroindustrial qu\u00edmico dependiente, hemos visto una transformaci\u00f3n en la manera de enfermarse y morir de la gente que puede estar asociada a la exposici\u00f3n a algunas de las qu\u00edmicas que se est\u00e1n usando en esos territorios\u00bb, dijo el m\u00e9dico, quien aclar\u00f3 que si bien es imposible afirmar que esa qu\u00edmica es la que genera estos problemas de salud, s\u00ed puede afirmarse que \u00aben los territorios donde vive gente que est\u00e1 siendo afectada y expuesta a estos tipos de sustancias se multiplicaron determinados problemas de salud\u00bb.<\/p>\n<p>Entre las enfermedades que han proliferado en los \u00faltimos 25 a\u00f1os aparecen el c\u00e1ncer, hipotiroidismos y trastornos end\u00f3crinos muy importantes, trastornos neurol\u00f3gicos como Parkinson y Alzheimer, da\u00f1os renales e insuficiencias hep\u00e1ticas.<\/p>\n<p>Hasta agosto pasado los equipos de esa c\u00e1tedra de Medicina llevaban encuestadas 87.382 personas, correspondiente al 63 por ciento del total de las poblaciones encuestadas en 25 campamentos en cuatro provincias (sur de Santa Fe, este de C\u00f3rdoba, oeste de Entre R\u00edos y norte de Buenos Aires) realizados desde diciembre de 2010 hasta marzo de 2016.<\/p>\n<p>\u00abEn c\u00e1ncer, Argentina est\u00e1 dentro de lo esperado por la OMS, pero nosotros ac\u00e1 no. Esto nos llama la atenci\u00f3n, como tambi\u00e9n el hipotiroidismo como segunda enfermedad mas frecuente\u00bb, se\u00f1al\u00f3. Pero adem\u00e1s, cuando analizaron el total de causas de fallecimiento las neoplasias pr\u00e1cticamente igualan a las enfermedades cardiovasculares \u00aben un pa\u00eds donde la enfermedad cardiovascular es la que m\u00e1s muertes se lleva\u00bb. El m\u00e9dico agreg\u00f3 que \u00abla gente se muere tanto por problemas card\u00edacos como por c\u00e1ncer en esta zona, lo cu\u00e1l no se verifica en el resto de Argentina\u00bb.<\/p>\n<p>\u00abNo podemos afirmar que los qu\u00edmicos generan estos problemas, pero s\u00ed que hay coincidencias\u00bb<br \/>\nTwitear<\/p>\n<p>Curva ascendente. Verze\u00f1assi detall\u00f3 que cuando analizaron los diagn\u00f3sticos de c\u00e1ncer en una agrupaci\u00f3n por trienio se encontraron con una curva \u00abclaramente ascendente y ni siquiera lineal, sino que exponencial\u00bb, algo preocupante \u00abporque no es lo que pasa a nivel mundial, donde el c\u00e1ncer est\u00e1 disminuyendo\u00bb.<\/p>\n<p>En el an\u00e1lisis de las encuestas encontraron otro dato llamativo: sobre 10.700 ni\u00f1os evaluados entre 2014 y 2016 existe un 22 por ciento cerca del sobrepeso, y un 13 por ciento diagnosticado con sobrepeso, con un 4 por ciento de obesos.<\/p>\n<p>\u00abEsto significa que el 39 por ciento de nuestros ni\u00f1os est\u00e1n mal, y teniendo en cuenta que se us\u00f3 una metodolog\u00eda m\u00e1s antigua. Si usamos los nuevos par\u00e1metros de la Sociedad Argentina de Pediatr\u00eda (SAP), nos da un 44 por ciento. O sea que vimos algo que nos preocupaba, corregimos los par\u00e1metros pensando que el problema pod\u00eda estar ah\u00ed y en realidad encontramos algo peor a\u00fan\u00bb.<\/p>\n<p>Denominador com\u00fan. Como se ense\u00f1a en la escuela primaria, a veces existe un \u00abdenominador com\u00fan\u00bb a la hora de hacer n\u00fameros finos. Desde la c\u00e1tedra de Salud Socioambiental, ante los resultados que se repet\u00edan una y otra vez en los pueblos del sur santafesino se preguntaron qu\u00e9 ten\u00edan en com\u00fan esas localidad que pudiera explicar el patr\u00f3n de enfermedades encontrado.<\/p>\n<p>\u00abSiempre preguntamos a cu\u00e1ntos metros del lugar donde se fumiga vive la gente para tener una referencia: el 80 por ciento de los entrevistados vive a menos de 1.000 metros de las \u00e1reas fumigadas\u00bb, dijo Verze\u00f1assi.<\/p>\n<p>Entonces. \u00bfQu\u00e9 hay en com\u00fan? \u00bfCu\u00e1l es el elemento determinante? Si bien la relaci\u00f3n de causa y efecto en medicina no existe, los m\u00e9dicos comenzaron a preguntarse si siempre hab\u00eda pasado lo mismo, o si se trataba de un fen\u00f3meno reciente.<\/p>\n<p>\u00abEl 80 por ciento de los entrevistados vive a menos de mil metros de las \u00e1reas fumigadas con agrot\u00f3xicos\u00bb<br \/>\nTwitear<\/p>\n<p>Cuando comenzaron a analizar las l\u00edneas de tiempo de forma retrospectiva encontraron un punto de quiebre: los relatos sobre enfermedades ocurridas desde mediados de los a\u00f1os 90 en adelante coinciden con los tiempos que deben transcurrir entre la exposici\u00f3n a determinadas sustancias t\u00f3xicas y el desarrollo de determinados problemas de salud, sobre todo neoplasias y enfermedades end\u00f3crinas donde la relaci\u00f3n aparece \u00abcasi como si fuera una imagen de libro\u00bb.<\/p>\n<p>\u00abCuando analizamos cu\u00e1ndo se empiezan a dar los procesos de transformaci\u00f3n del perfil de morbilidad, o sea cuando empiezan a aparecer las nuevas enfermedades, la mayor cantidad de abortos espont\u00e1neos, las malformaciones y los c\u00e1nceres coincide con los tiempos de exposici\u00f3n a determinadas sustancias qu\u00edmicas\u00bb.<\/p>\n<p>El m\u00e9dico explic\u00f3 que seg\u00fan la literatura cient\u00edfica, para que se expresen s\u00edntomas de neoplasias a partir de la exposici\u00f3n a sustancias da\u00f1inas como las que se usan en los procesos agroindustriales tienen que pasar entre 15 y 20 a\u00f1os.<\/p>\n<p>\u00abEs lo que estamos viendo, el pico que estamos teniendo de estas enfermedades est\u00e1 ubicado en esa etapa, a partir del 96. No es que antes no hab\u00eda agrot\u00f3xicos, claro que hab\u00eda, pero el volumen se increment\u00f3 entre el 95 y el 2014 en un 848 por ciento, y el territorio sobre el cual se utiliz\u00f3 ese 848 por ciento m\u00e1s de agrot\u00f3xicos fue solamente un 50 por ciento m\u00e1s que el original\u00bb, lanz\u00f3 Verse\u00f1azzi, quien se\u00f1al\u00f3 que adem\u00e1s \u00abesto no est\u00e1 siendo advertido ni analizado porque no tenemos un sistema de registros en el campo de la salud que est\u00e9n preparados para hacer estas asociaciones y poder registrarlas\u00bb.<\/p>\n<p>Aparece un problema \u00ababsolutamente silenciado\u00bb que refleja en realidad varios problemas en simult\u00e1neo: la falta de registros, la no advertencia de la problem\u00e1tica de salud, la inexistencia de pol\u00edticas a partir de la informaci\u00f3n certera, y el avance de un modelo de producci\u00f3n que es concomitante al avance en la transformaci\u00f3n de la forma de enfermarse y morir de la gente hacia patrones mucho mas graves y complejos que los que hab\u00eda antes.<br \/>\nLos puntos flacos del trabajo<\/p>\n<p>Para Verze\u00f1assi la mayor flaqueza del trabajo de campo es que no hay resultados de los campamentos publicados en revistas cient\u00edficas, ante la imposibilidad de firmarlos con los nombres de los centenares de personas que participan, entre docentes y estudiantes.<\/p>\n<p>Esta decisi\u00f3n de alg\u00fan modo perjudica a las comunidades, que no pueden usar los resultados de los campamentos para causas judiciales ni en una discusi\u00f3n con otros actores \u00abporque les dicen que no est\u00e1 publicado y que como tal no es ciencia\u00bb. Sin embargo, los datos de los trabajos son oficiales e institucionales: \u00abson trabajos de an\u00e1lisis de perfiles de morbimortalidad de las comunidades que siguen todas las pautas t\u00e9cnicas y metodol\u00f3gicas\u00bb, dijo.<\/p>\n<p>Un relevamiento que ya incluy\u00f3 a 26 localidades<\/p>\n<p>Las encuestas se realizan durante los campamentos sanitarios organizados por la Facultad de Medicina, que funcionan como el dispositivo de evaluaci\u00f3n final de los estudiantes de esa carrera. Es una pr\u00e1ctica que llevan adelante todos los estudiantes desde 2011, ya que es la evaluaci\u00f3n final.<\/p>\n<p>Hasta agosto pasado se hicieron 26 campamentos en localidades de alrededor de 10 mil habitantes de la zona agr\u00edcola m\u00e1s importante del pa\u00eds. El listado incluye: Santa Isabel, en diciembre de 2010; Murphy, Mar\u00eda Teresa, San Gregorio, Villa Ca\u00f1\u00e1s y Bovril (Entre R\u00edos), durante 2011; Bouquet, Mar\u00eda Susana, Wheelwright, Totoras, Elortondo y Hughes, en 2012; Bigand, Arias (C\u00f3rdoba), Ca\u00f1ada Rosqu\u00edn y La Emilia, en 2013; Acebal, Alcorta, Ibarlucea y Chab\u00e1s, en 2014; Mar\u00eda Juana, San Genaro, Villa Ana y Fighiera, el a\u00f1o pasado; y Luis Palacios y Basabilvaso (Entre R\u00edos), hasta agosto de este a\u00f1o 2016.<\/p>\n<p>La metodolog\u00eda es siempre la misma: son las comunidades las que solicitan el desembarco de los aspirantes a m\u00e9dicos, a veces por iniciativa de los jefes comunales o intendentes y otras veces por la propia gente. \u00abSon las comunidades las que nos contactan y se firma un convenio entre la localidad y el decano de la facultad. Es algo institucional\u00bb, explic\u00f3 Verze\u00f1assi.<br \/>\nFuente: Jorgelina Hiba \/ La Capital<\/p>\n","protected":false},"excerpt":{"rendered":"<p>El dato es el resultado de los campamentos sanitarios que se vienen desarrollando desde 2010 en numerosas localidades. La tasa de c\u00e1ncer en el sur de la provincia de Santa Fe casi duplica el promedio de Argentina seg\u00fan relevamientos realizados en decenas de localidades desde 2010 a la fecha por equipos de profesionales de la <a href=\"https:\/\/armstrongyregion.com.ar\/diario\/la-tasa-de-cancer-en-el-sur-de-santa-fe-casi-duplica-a-la-media-nacional\/\" title=\"Read more\" >&#8230;<\/a><\/p>\n","protected":false},"author":2,"featured_media":9978,"comment_status":"open","ping_status":"open","sticky":false,"template":"","format":"standard","meta":{"_jetpack_memberships_contains_paid_content":false,"footnotes":"","jetpack_publicize_message":"","jetpack_publicize_feature_enabled":true,"jetpack_social_post_already_shared":false,"jetpack_social_options":{"image_generator_settings":{"template":"highway","default_image_id":0,"enabled":false},"version":2}},"categories":[1,2,7,4,3],"tags":[4505],"class_list":["post-9977","post","type-post","status-publish","format-standard","has-post-thumbnail","hentry","category-diario-armstrong","category-locales","category-politica","category-prevencion-salud","category-region","tag-la-tasa-de-cancer-en-el-sur-de-santa-fe-casi-duplica-a-la-media-nacional"],"jetpack_publicize_connections":[],"jetpack_featured_media_url":"https:\/\/armstrongyregion.com.ar\/diario\/wp-content\/uploads\/2016\/10\/fitosanitarios.jpg","jetpack_shortlink":"https:\/\/wp.me\/p62QDO-2AV","jetpack_sharing_enabled":true,"amp_enabled":true,"_links":{"self":[{"href":"https:\/\/armstrongyregion.com.ar\/diario\/wp-json\/wp\/v2\/posts\/9977","targetHints":{"allow":["GET"]}}],"collection":[{"href":"https:\/\/armstrongyregion.com.ar\/diario\/wp-json\/wp\/v2\/posts"}],"about":[{"href":"https:\/\/armstrongyregion.com.ar\/diario\/wp-json\/wp\/v2\/types\/post"}],"author":[{"embeddable":true,"href":"https:\/\/armstrongyregion.com.ar\/diario\/wp-json\/wp\/v2\/users\/2"}],"replies":[{"embeddable":true,"href":"https:\/\/armstrongyregion.com.ar\/diario\/wp-json\/wp\/v2\/comments?post=9977"}],"version-history":[{"count":0,"href":"https:\/\/armstrongyregion.com.ar\/diario\/wp-json\/wp\/v2\/posts\/9977\/revisions"}],"wp:featuredmedia":[{"embeddable":true,"href":"https:\/\/armstrongyregion.com.ar\/diario\/wp-json\/wp\/v2\/media\/9978"}],"wp:attachment":[{"href":"https:\/\/armstrongyregion.com.ar\/diario\/wp-json\/wp\/v2\/media?parent=9977"}],"wp:term":[{"taxonomy":"category","embeddable":true,"href":"https:\/\/armstrongyregion.com.ar\/diario\/wp-json\/wp\/v2\/categories?post=9977"},{"taxonomy":"post_tag","embeddable":true,"href":"https:\/\/armstrongyregion.com.ar\/diario\/wp-json\/wp\/v2\/tags?post=9977"}],"curies":[{"name":"wp","href":"https:\/\/api.w.org\/{rel}","templated":true}]}}