{"id":9971,"date":"2016-10-09T22:11:54","date_gmt":"2016-10-09T22:11:54","guid":{"rendered":"https:\/\/armstrongyregion.com.ar\/diario\/?p=9971"},"modified":"2016-10-09T22:11:54","modified_gmt":"2016-10-09T22:11:54","slug":"una-multitud-copo-la-plaza-san-martin-para-la-marcha-del-encuentro-nacional-de-mujeres","status":"publish","type":"post","link":"https:\/\/armstrongyregion.com.ar\/diario\/una-multitud-copo-la-plaza-san-martin-para-la-marcha-del-encuentro-nacional-de-mujeres\/","title":{"rendered":"Una multitud cop\u00f3 la Plaza San Mart\u00edn para la marcha del Encuentro Nacional de Mujeres."},"content":{"rendered":"<p><a href=\"http:\/\/armstrongyregion.com.ar\/diario\/wp-content\/uploads\/2016\/10\/marcha-mujeres-.jpg\"><img loading=\"lazy\" decoding=\"async\" src=\"http:\/\/armstrongyregion.com.ar\/diario\/wp-content\/uploads\/2016\/10\/marcha-mujeres-.jpg\" alt=\"marcha-mujeres\" width=\"768\" height=\"575\" class=\"alignnone size-full wp-image-9972\" srcset=\"https:\/\/armstrongyregion.com.ar\/diario\/wp-content\/uploads\/2016\/10\/marcha-mujeres-.jpg 768w, https:\/\/armstrongyregion.com.ar\/diario\/wp-content\/uploads\/2016\/10\/marcha-mujeres--300x225.jpg 300w\" sizes=\"auto, (max-width: 768px) 100vw, 768px\" \/><\/a>Se trata de la marcha que se llevar\u00e1 adelante desde la plaza San Mart\u00edn, y que recorrer\u00e1 las calles del centro de la ciudad nuevamente hacia el Monumento.<br \/>\nUna multitud invadi\u00f3 esta tarde la Plaza San Mart\u00edn para participar de la marcha del 31er Encuentro Nacional de Mujeres.<\/p>\n<p>Se trata de la marcha que se llevar\u00e1 adelante desde la plaza San Mart\u00edn, y que recorrer\u00e1 las calles del centro de la ciudad nuevamente hacia el Monumento en contra de la violencia y por los derechos de las mujeres.<\/p>\n<p>Desde las 18, las participantes de la movida recorrer\u00e1n Santa Fe hacia Oro\u00f1o, luego ir\u00e1n por ese bulevar hasta Pellegrini, de all\u00ed a Corrientes, doblar\u00e1n en San Luis y tomar\u00e1n Sarmiento en sentido contrario hasta desembocar en Santa Fe. Desde ah\u00ed ir\u00e1n hasta el Monumento, donde luego de un acto la actividad culminar\u00e1 con una pe\u00f1a, a las 22.<\/p>\n<p>El mensaje de la marcha gira en torno a la lucha de las mujeres contra la violencia de g\u00e9nero, el cese de la explotaci\u00f3n sexual y la lucha por el aborto legal y gratuito.<\/p>\n<p>M\u00e1s de 300 talleres con alrededor de 68 tem\u00e1ticas se diseminaron ayer por toda la ciudad.<br \/>\nFuente: La Capital.Com<\/p>\n","protected":false},"excerpt":{"rendered":"<p>Se trata de la marcha que se llevar\u00e1 adelante desde la plaza San Mart\u00edn, y que recorrer\u00e1 las calles del centro de la ciudad nuevamente hacia el Monumento. Una multitud invadi\u00f3 esta tarde la Plaza San Mart\u00edn para participar de la marcha del 31er Encuentro Nacional de Mujeres. Se trata de la marcha que se <a href=\"https:\/\/armstrongyregion.com.ar\/diario\/una-multitud-copo-la-plaza-san-martin-para-la-marcha-del-encuentro-nacional-de-mujeres\/\" title=\"Read more\" >&#8230;<\/a><\/p>\n","protected":false},"author":2,"featured_media":9972,"comment_status":"open","ping_status":"open","sticky":false,"template":"","format":"standard","meta":{"_jetpack_memberships_contains_paid_content":false,"footnotes":"","jetpack_publicize_message":"","jetpack_publicize_feature_enabled":true,"jetpack_social_post_already_shared":false,"jetpack_social_options":{"image_generator_settings":{"template":"highway","default_image_id":0,"enabled":false},"version":2}},"categories":[1,2,3],"tags":[1057,19,63,276,621],"class_list":["post-9971","post","type-post","status-publish","format-standard","has-post-thumbnail","hentry","category-diario-armstrong","category-locales","category-region","tag-mujeres","tag-de","tag-encuentro","tag-marcha","tag-nacional"],"jetpack_publicize_connections":[],"jetpack_featured_media_url":"https:\/\/armstrongyregion.com.ar\/diario\/wp-content\/uploads\/2016\/10\/marcha-mujeres-.jpg","jetpack_shortlink":"https:\/\/wp.me\/p62QDO-2AP","jetpack_sharing_enabled":true,"amp_enabled":true,"_links":{"self":[{"href":"https:\/\/armstrongyregion.com.ar\/diario\/wp-json\/wp\/v2\/posts\/9971","targetHints":{"allow":["GET"]}}],"collection":[{"href":"https:\/\/armstrongyregion.com.ar\/diario\/wp-json\/wp\/v2\/posts"}],"about":[{"href":"https:\/\/armstrongyregion.com.ar\/diario\/wp-json\/wp\/v2\/types\/post"}],"author":[{"embeddable":true,"href":"https:\/\/armstrongyregion.com.ar\/diario\/wp-json\/wp\/v2\/users\/2"}],"replies":[{"embeddable":true,"href":"https:\/\/armstrongyregion.com.ar\/diario\/wp-json\/wp\/v2\/comments?post=9971"}],"version-history":[{"count":0,"href":"https:\/\/armstrongyregion.com.ar\/diario\/wp-json\/wp\/v2\/posts\/9971\/revisions"}],"wp:featuredmedia":[{"embeddable":true,"href":"https:\/\/armstrongyregion.com.ar\/diario\/wp-json\/wp\/v2\/media\/9972"}],"wp:attachment":[{"href":"https:\/\/armstrongyregion.com.ar\/diario\/wp-json\/wp\/v2\/media?parent=9971"}],"wp:term":[{"taxonomy":"category","embeddable":true,"href":"https:\/\/armstrongyregion.com.ar\/diario\/wp-json\/wp\/v2\/categories?post=9971"},{"taxonomy":"post_tag","embeddable":true,"href":"https:\/\/armstrongyregion.com.ar\/diario\/wp-json\/wp\/v2\/tags?post=9971"}],"curies":[{"name":"wp","href":"https:\/\/api.w.org\/{rel}","templated":true}]}}