{"id":9960,"date":"2016-10-08T11:42:38","date_gmt":"2016-10-08T11:42:38","guid":{"rendered":"https:\/\/armstrongyregion.com.ar\/diario\/?p=9960"},"modified":"2016-10-08T11:42:38","modified_gmt":"2016-10-08T11:42:38","slug":"apertura-oficial-muestra-pyme-agroindustrial-las-parejas-2016","status":"publish","type":"post","link":"https:\/\/armstrongyregion.com.ar\/diario\/apertura-oficial-muestra-pyme-agroindustrial-las-parejas-2016\/","title":{"rendered":"Apertura oficial Muestra Pyme Agroindustrial Las Parejas 2016."},"content":{"rendered":"<p><a href=\"http:\/\/armstrongyregion.com.ar\/diario\/wp-content\/uploads\/2016\/10\/pymes-16-.jpg\"><img loading=\"lazy\" decoding=\"async\" src=\"http:\/\/armstrongyregion.com.ar\/diario\/wp-content\/uploads\/2016\/10\/pymes-16-.jpg\" alt=\"pymes-16\" width=\"768\" height=\"509\" class=\"alignnone size-full wp-image-9961\" srcset=\"https:\/\/armstrongyregion.com.ar\/diario\/wp-content\/uploads\/2016\/10\/pymes-16-.jpg 768w, https:\/\/armstrongyregion.com.ar\/diario\/wp-content\/uploads\/2016\/10\/pymes-16--300x199.jpg 300w\" sizes=\"auto, (max-width: 768px) 100vw, 768px\" \/><\/a>El Intendente Municipal Horacio Compagnucci dio por inaugurada la 13\u00ba Edici\u00f3n de la Muestra Pyme Agroindustrial Las Parejas 2016. Dentro de este contexto Compagnucci destac\u00f3:<br \/>\nCompagnucci en sus palabras indico \u201c\u2026 el objetivo final de todo esto que se so\u00f1\u00f3, que lo so\u00f1\u00f3 nuestro querido Bocha Mansilla all\u00e1 en el a\u00f1o 2004 era que esto fuera una marca patentada y registrada en todo el \u00e1mbito del pa\u00eds y en el contexto internacional que cuando alguien necesite una maquinaria agr\u00edcola venga a la regi\u00f3n que aqu\u00ed la va a encontrar, much\u00edsimas gracias y que disfruten de esta muestra y tengan tres d\u00edas esplendidos y que despu\u00e9s podamos seguir disfrutando y discutiendo como podemos seguir mejorando esto\u201d . Adem\u00e1s remarco la gran importancia que tiene para la realizaci\u00f3n de esta muestra el hecho de contar en este a\u00f1o en particular con un fuerte apoyo por parte del gobierno provincial en el armado y desarrollo de esta exposici\u00f3n; hecho que deja a las claras el reconocimiento que se le da a Las Parejas y su regi\u00f3n, de nuestra ciudad sale el 30 % de la producci\u00f3n nacional y el 47 % de la producci\u00f3n provincial.<br \/>\nLa inauguraci\u00f3n de la muestra conto con la presencia de las siguientes autoridades nacionales, provinciales y municipales:<br \/>\nEl se\u00f1or Gobernador de la Provincia Ingeniero Miguel Lifschitz, el Secretario de la Producci\u00f3n y servicios de la Naci\u00f3n Lic. Martin Echegoyen, el Ministro de Canciller\u00eda, Rafael Gonz\u00e1lez Aleman, el Diputado del Mercosur Diego Mansilla, la Senadora Nacional Marylin Sacnuc, Marcos Cleri y Josefina G\u00f3nzalez Diputados nacionales, los Diputados Provinciales Germ\u00e1n Bacarella, Miguel \u00c1ngel Solis y Clara Garcia, el Senador Departamental Guillermo Cornaglia, integrantes del gobierno provincial, intendentes y presidentes comunales de la regi\u00f3n, concejales, miembros del gabinete municipal.<br \/>\nTambi\u00e9n estuvieron presentes dentro del marco de esta muestra delegaciones de operadores internacionales de: Bolivia \u2013 Turqu\u00eda \u2013 Sud\u00e1frica \u2013 Australia.Como as\u00ed tambi\u00e9n establecimientos educativos, instituciones locales y p\u00fablico en general .<br \/>\nCabe destacar que en eta oportunidad la muestra ha sido declarada de inter\u00e9s por parte del Parlamento del Mercosur, la C\u00e1mara de Diputados de la Provincia de Santa Fe y el Senado de la Provincia.<br \/>\nLuego de las palabras del Intendente se escucharon palabras a cargo del Diputado del Mercosur Diego Mansilla como as\u00ed tambi\u00e9n del Secretario de Producci\u00f3n y Servicios de la Naci\u00f3n Lic. Mart\u00edn Echegoyen y del Gobernador de la Provincia Ing. Miguel Lifschitz. Concluidas las palabras del se\u00f1or Gobernador se procedi\u00f3 a la bendici\u00f3n de la muestra y corte de cintas con lo que se dio por formalmente inaugurada la muestra.<\/p>\n","protected":false},"excerpt":{"rendered":"<p>El Intendente Municipal Horacio Compagnucci dio por inaugurada la 13\u00ba Edici\u00f3n de la Muestra Pyme Agroindustrial Las Parejas 2016. Dentro de este contexto Compagnucci destac\u00f3: Compagnucci en sus palabras indico \u201c\u2026 el objetivo final de todo esto que se so\u00f1\u00f3, que lo so\u00f1\u00f3 nuestro querido Bocha Mansilla all\u00e1 en el a\u00f1o 2004 era que esto <a href=\"https:\/\/armstrongyregion.com.ar\/diario\/apertura-oficial-muestra-pyme-agroindustrial-las-parejas-2016\/\" title=\"Read more\" >&#8230;<\/a><\/p>\n","protected":false},"author":2,"featured_media":9961,"comment_status":"open","ping_status":"open","sticky":false,"template":"","format":"standard","meta":{"_jetpack_memberships_contains_paid_content":false,"footnotes":"","jetpack_publicize_message":"","jetpack_publicize_feature_enabled":true,"jetpack_social_post_already_shared":false,"jetpack_social_options":{"image_generator_settings":{"template":"highway","default_image_id":0,"enabled":false},"version":2}},"categories":[1,2,3],"tags":[3115,58,1358,937,2432],"class_list":["post-9960","post","type-post","status-publish","format-standard","has-post-thumbnail","hentry","category-diario-armstrong","category-locales","category-region","tag-3115","tag-apertura","tag-muestra","tag-oficial","tag-pyme"],"jetpack_publicize_connections":[],"jetpack_featured_media_url":"https:\/\/armstrongyregion.com.ar\/diario\/wp-content\/uploads\/2016\/10\/pymes-16-.jpg","jetpack_shortlink":"https:\/\/wp.me\/p62QDO-2AE","jetpack_sharing_enabled":true,"amp_enabled":true,"_links":{"self":[{"href":"https:\/\/armstrongyregion.com.ar\/diario\/wp-json\/wp\/v2\/posts\/9960","targetHints":{"allow":["GET"]}}],"collection":[{"href":"https:\/\/armstrongyregion.com.ar\/diario\/wp-json\/wp\/v2\/posts"}],"about":[{"href":"https:\/\/armstrongyregion.com.ar\/diario\/wp-json\/wp\/v2\/types\/post"}],"author":[{"embeddable":true,"href":"https:\/\/armstrongyregion.com.ar\/diario\/wp-json\/wp\/v2\/users\/2"}],"replies":[{"embeddable":true,"href":"https:\/\/armstrongyregion.com.ar\/diario\/wp-json\/wp\/v2\/comments?post=9960"}],"version-history":[{"count":0,"href":"https:\/\/armstrongyregion.com.ar\/diario\/wp-json\/wp\/v2\/posts\/9960\/revisions"}],"wp:featuredmedia":[{"embeddable":true,"href":"https:\/\/armstrongyregion.com.ar\/diario\/wp-json\/wp\/v2\/media\/9961"}],"wp:attachment":[{"href":"https:\/\/armstrongyregion.com.ar\/diario\/wp-json\/wp\/v2\/media?parent=9960"}],"wp:term":[{"taxonomy":"category","embeddable":true,"href":"https:\/\/armstrongyregion.com.ar\/diario\/wp-json\/wp\/v2\/categories?post=9960"},{"taxonomy":"post_tag","embeddable":true,"href":"https:\/\/armstrongyregion.com.ar\/diario\/wp-json\/wp\/v2\/tags?post=9960"}],"curies":[{"name":"wp","href":"https:\/\/api.w.org\/{rel}","templated":true}]}}