{"id":9914,"date":"2016-10-06T02:46:38","date_gmt":"2016-10-06T02:46:38","guid":{"rendered":"https:\/\/armstrongyregion.com.ar\/diario\/?p=9914"},"modified":"2016-10-06T02:46:38","modified_gmt":"2016-10-06T02:46:38","slug":"armstrong-se-suicido-un-hombre-de-55-anos","status":"publish","type":"post","link":"https:\/\/armstrongyregion.com.ar\/diario\/armstrong-se-suicido-un-hombre-de-55-anos\/","title":{"rendered":"Armstrong. Se suicid\u00f3 un hombre de 55 a\u00f1os."},"content":{"rendered":"<p><a href=\"http:\/\/armstrongyregion.com.ar\/diario\/wp-content\/uploads\/2016\/10\/policia-.jpg\"><img loading=\"lazy\" decoding=\"async\" src=\"http:\/\/armstrongyregion.com.ar\/diario\/wp-content\/uploads\/2016\/10\/policia-.jpg\" alt=\"policia\" width=\"768\" height=\"432\" class=\"alignnone size-full wp-image-9915\" srcset=\"https:\/\/armstrongyregion.com.ar\/diario\/wp-content\/uploads\/2016\/10\/policia-.jpg 768w, https:\/\/armstrongyregion.com.ar\/diario\/wp-content\/uploads\/2016\/10\/policia--300x169.jpg 300w\" sizes=\"auto, (max-width: 768px) 100vw, 768px\" \/><\/a>En la noche de este mi\u00e9rcoles, personal policial fue convocado a una vivienda de calle Chavarri 1032, en la zona sur, donde una persona de sexo masculino se quit\u00f3 la vida, colg\u00e1ndose de una cuerda.<br \/>\nSe trata de Enzo Verdecchia, de 55 a\u00f1os de edad. En este momento personal policial trabaja en el lugar del hecho.<br \/>\nFuente: Jorge Tagina.<\/p>\n","protected":false},"excerpt":{"rendered":"<p>En la noche de este mi\u00e9rcoles, personal policial fue convocado a una vivienda de calle Chavarri 1032, en la zona sur, donde una persona de sexo masculino se quit\u00f3 la vida, colg\u00e1ndose de una cuerda. Se trata de Enzo Verdecchia, de 55 a\u00f1os de edad. En este momento personal policial trabaja en el lugar del <a href=\"https:\/\/armstrongyregion.com.ar\/diario\/armstrong-se-suicido-un-hombre-de-55-anos\/\" title=\"Read more\" >&#8230;<\/a><\/p>\n","protected":false},"author":2,"featured_media":9915,"comment_status":"open","ping_status":"open","sticky":false,"template":"","format":"standard","meta":{"_jetpack_memberships_contains_paid_content":false,"footnotes":"","jetpack_publicize_message":"","jetpack_publicize_feature_enabled":true,"jetpack_social_post_already_shared":false,"jetpack_social_options":{"image_generator_settings":{"template":"highway","default_image_id":0,"enabled":false},"version":2}},"categories":[1,2,2852,3],"tags":[3256,197,20,19,4004,86,657,192],"class_list":["post-9914","post","type-post","status-publish","format-standard","has-post-thumbnail","hentry","category-diario-armstrong","category-locales","category-policiales","category-region","tag-3256","tag-anos","tag-armstrong","tag-de","tag-hombre","tag-se","tag-suicido","tag-un"],"jetpack_publicize_connections":[],"jetpack_featured_media_url":"https:\/\/armstrongyregion.com.ar\/diario\/wp-content\/uploads\/2016\/10\/policia-.jpg","jetpack_shortlink":"https:\/\/wp.me\/p62QDO-2zU","jetpack_sharing_enabled":true,"amp_enabled":true,"_links":{"self":[{"href":"https:\/\/armstrongyregion.com.ar\/diario\/wp-json\/wp\/v2\/posts\/9914","targetHints":{"allow":["GET"]}}],"collection":[{"href":"https:\/\/armstrongyregion.com.ar\/diario\/wp-json\/wp\/v2\/posts"}],"about":[{"href":"https:\/\/armstrongyregion.com.ar\/diario\/wp-json\/wp\/v2\/types\/post"}],"author":[{"embeddable":true,"href":"https:\/\/armstrongyregion.com.ar\/diario\/wp-json\/wp\/v2\/users\/2"}],"replies":[{"embeddable":true,"href":"https:\/\/armstrongyregion.com.ar\/diario\/wp-json\/wp\/v2\/comments?post=9914"}],"version-history":[{"count":0,"href":"https:\/\/armstrongyregion.com.ar\/diario\/wp-json\/wp\/v2\/posts\/9914\/revisions"}],"wp:featuredmedia":[{"embeddable":true,"href":"https:\/\/armstrongyregion.com.ar\/diario\/wp-json\/wp\/v2\/media\/9915"}],"wp:attachment":[{"href":"https:\/\/armstrongyregion.com.ar\/diario\/wp-json\/wp\/v2\/media?parent=9914"}],"wp:term":[{"taxonomy":"category","embeddable":true,"href":"https:\/\/armstrongyregion.com.ar\/diario\/wp-json\/wp\/v2\/categories?post=9914"},{"taxonomy":"post_tag","embeddable":true,"href":"https:\/\/armstrongyregion.com.ar\/diario\/wp-json\/wp\/v2\/tags?post=9914"}],"curies":[{"name":"wp","href":"https:\/\/api.w.org\/{rel}","templated":true}]}}