{"id":9905,"date":"2016-10-05T16:06:34","date_gmt":"2016-10-05T16:06:34","guid":{"rendered":"https:\/\/armstrongyregion.com.ar\/diario\/?p=9905"},"modified":"2016-10-05T16:06:34","modified_gmt":"2016-10-05T16:06:34","slug":"armstrong-acto-apertura-feria-de-colectividades-2016","status":"publish","type":"post","link":"https:\/\/armstrongyregion.com.ar\/diario\/armstrong-acto-apertura-feria-de-colectividades-2016\/","title":{"rendered":"Armstrong. Acto apertura Feria de Colectividades 2016."},"content":{"rendered":"<p><a href=\"http:\/\/armstrongyregion.com.ar\/diario\/wp-content\/uploads\/2016\/10\/acto-.jpg\"><img loading=\"lazy\" decoding=\"async\" src=\"http:\/\/armstrongyregion.com.ar\/diario\/wp-content\/uploads\/2016\/10\/acto-.jpg\" alt=\"acto\" width=\"768\" height=\"511\" class=\"alignnone size-full wp-image-9906\" srcset=\"https:\/\/armstrongyregion.com.ar\/diario\/wp-content\/uploads\/2016\/10\/acto-.jpg 768w, https:\/\/armstrongyregion.com.ar\/diario\/wp-content\/uploads\/2016\/10\/acto--300x200.jpg 300w\" sizes=\"auto, (max-width: 768px) 100vw, 768px\" \/><\/a>El pasado martes se realiz\u00f3 el acto de apertura de la 25 Feria de Colectividades, con muchos recuerdos y  merecidos reconocimientos a quienes tanto hicieron por mejorar a\u00f1o tras a\u00f1o la feria.<br \/>\nEn dicha presentaci\u00f3n todos los disertantes remarcaron la historia y el recorrido de la feria. Tanto el cuerpo docente  como los cooperadores siempre trabajaron codo a codo en esta iniciativa que naci\u00f3 en el a\u00f1o 1992.<br \/>\nEl intendente Verdecchia expres\u00f3 orgullo por el esfuerzo constante de los organizadores,  el recorrido y la institucionalizaci\u00f3n de la Feria en la regi\u00f3n.<br \/>\nPor otro lado tambi\u00e9n fue una jornada de anuncios muy importantes para la Escuela N\u00b0 262, ya que el Delegado de la Region V Mario Ramos menciono el cargo de una secretaria para la instituci\u00f3n.<br \/>\nLa invitaci\u00f3n qued\u00f3 abierta a toda la comunidad quien pone el mayor esfuerzo de una manera u otra para que la Feria siga creciendo y la ciudadan\u00eda entera espera el mes de octubre para deleitarse con sus platos t\u00edpicos. Este a\u00f1o participaran 15 colectividades.<br \/>\nEn cuanto al cronograma de espect\u00e1culos, luego del desfile que sale desde la instituci\u00f3n educativa y se realizara a las 15,30hs se efectuara el acto protocolar en el escenario mayor de la plaza San Martin.<br \/>\nA las 16,30hs est\u00e1n programados los bailes de los alumnos de la escuela, luego la participaci\u00f3n de Bemba Colora, a posteriori Vallet Vasco.<br \/>\n19,25hs Julieta Marucco.<br \/>\n19,50hs Grupo Warmi.<br \/>\n20,10hs. Ballet Nacional Folclore Libanes.<br \/>\n20,35hs Eva y Gustavo.<br \/>\n21hs Sorteo de la Rifa,<br \/>\n21:20hs Bemba Color\u00e1.<br \/>\n21,45hs Ballet Polaco.<br \/>\n22,10hs Grupo Warmi.<br \/>\n22,25hs Mariachi Rey.<br \/>\n22,50hs Elecci\u00f3n Mejor Stand.<br \/>\n23,05hs GRUPO MUSICAL LOS LIRIOS.<\/p>\n","protected":false},"excerpt":{"rendered":"<p>El pasado martes se realiz\u00f3 el acto de apertura de la 25 Feria de Colectividades, con muchos recuerdos y merecidos reconocimientos a quienes tanto hicieron por mejorar a\u00f1o tras a\u00f1o la feria. En dicha presentaci\u00f3n todos los disertantes remarcaron la historia y el recorrido de la feria. Tanto el cuerpo docente como los cooperadores siempre <a href=\"https:\/\/armstrongyregion.com.ar\/diario\/armstrong-acto-apertura-feria-de-colectividades-2016\/\" title=\"Read more\" >&#8230;<\/a><\/p>\n","protected":false},"author":2,"featured_media":9906,"comment_status":"open","ping_status":"open","sticky":false,"template":"","format":"standard","meta":{"_jetpack_memberships_contains_paid_content":false,"footnotes":"","jetpack_publicize_message":"","jetpack_publicize_feature_enabled":true,"jetpack_social_post_already_shared":false,"jetpack_social_options":{"image_generator_settings":{"template":"highway","default_image_id":0,"enabled":false},"version":2}},"categories":[6,1,2,3],"tags":[3115,1212,58,20,878,19,1725],"class_list":["post-9905","post","type-post","status-publish","format-standard","has-post-thumbnail","hentry","category-cultura-entretenimiento","category-diario-armstrong","category-locales","category-region","tag-3115","tag-acto","tag-apertura","tag-armstrong","tag-colectividades","tag-de","tag-feria"],"jetpack_publicize_connections":[],"jetpack_featured_media_url":"https:\/\/armstrongyregion.com.ar\/diario\/wp-content\/uploads\/2016\/10\/acto-.jpg","jetpack_shortlink":"https:\/\/wp.me\/p62QDO-2zL","jetpack_sharing_enabled":true,"amp_enabled":true,"_links":{"self":[{"href":"https:\/\/armstrongyregion.com.ar\/diario\/wp-json\/wp\/v2\/posts\/9905","targetHints":{"allow":["GET"]}}],"collection":[{"href":"https:\/\/armstrongyregion.com.ar\/diario\/wp-json\/wp\/v2\/posts"}],"about":[{"href":"https:\/\/armstrongyregion.com.ar\/diario\/wp-json\/wp\/v2\/types\/post"}],"author":[{"embeddable":true,"href":"https:\/\/armstrongyregion.com.ar\/diario\/wp-json\/wp\/v2\/users\/2"}],"replies":[{"embeddable":true,"href":"https:\/\/armstrongyregion.com.ar\/diario\/wp-json\/wp\/v2\/comments?post=9905"}],"version-history":[{"count":0,"href":"https:\/\/armstrongyregion.com.ar\/diario\/wp-json\/wp\/v2\/posts\/9905\/revisions"}],"wp:featuredmedia":[{"embeddable":true,"href":"https:\/\/armstrongyregion.com.ar\/diario\/wp-json\/wp\/v2\/media\/9906"}],"wp:attachment":[{"href":"https:\/\/armstrongyregion.com.ar\/diario\/wp-json\/wp\/v2\/media?parent=9905"}],"wp:term":[{"taxonomy":"category","embeddable":true,"href":"https:\/\/armstrongyregion.com.ar\/diario\/wp-json\/wp\/v2\/categories?post=9905"},{"taxonomy":"post_tag","embeddable":true,"href":"https:\/\/armstrongyregion.com.ar\/diario\/wp-json\/wp\/v2\/tags?post=9905"}],"curies":[{"name":"wp","href":"https:\/\/api.w.org\/{rel}","templated":true}]}}