{"id":9867,"date":"2016-10-03T02:35:44","date_gmt":"2016-10-03T02:35:44","guid":{"rendered":"https:\/\/armstrongyregion.com.ar\/diario\/?p=9867"},"modified":"2016-10-03T02:35:44","modified_gmt":"2016-10-03T02:35:44","slug":"reina-y-princesas-en-fiestas-nacionales-y-regionales","status":"publish","type":"post","link":"https:\/\/armstrongyregion.com.ar\/diario\/reina-y-princesas-en-fiestas-nacionales-y-regionales\/","title":{"rendered":"Reina y Princesas en fiestas nacionales y regionales."},"content":{"rendered":"<p><a href=\"http:\/\/armstrongyregion.com.ar\/diario\/wp-content\/uploads\/2016\/10\/reina-y-princesas.jpg\"><img loading=\"lazy\" decoding=\"async\" src=\"http:\/\/armstrongyregion.com.ar\/diario\/wp-content\/uploads\/2016\/10\/reina-y-princesas.jpg\" alt=\"reina-y-princesas\" width=\"768\" height=\"512\" class=\"alignnone size-full wp-image-9868\" srcset=\"https:\/\/armstrongyregion.com.ar\/diario\/wp-content\/uploads\/2016\/10\/reina-y-princesas.jpg 768w, https:\/\/armstrongyregion.com.ar\/diario\/wp-content\/uploads\/2016\/10\/reina-y-princesas-300x200.jpg 300w\" sizes=\"auto, (max-width: 768px) 100vw, 768px\" \/><\/a>Los armstronenses tendr\u00e1n la posibilidad de estar muy bien representados por la Reina y Princesas Institucionales, seleccionadas en el mes de diciembre pasado en el marco de los festejos por los 133 a\u00f1os de la ciudad.<br \/>\nTanto la Reina Camila Santoni como la 1\u00b0 Princesa Emilia Coraglio y la 2\u00b0 Princesa Irina Pagliero, participar\u00e1n en diversas fiestas nacionales y regionales que se llevar\u00e1n a cabo a lo largo de los meses de octubre, noviembre y diciembre, d\u00edas antes de entregar sus coronas a las pr\u00f3ximas elegidas.<\/p>\n<p> Las fechas y localidades confirmadas son: 02\/10: Fiesta Nacional de la Siembre Directa, en Monte Buey (Cba); 08\/10: Fiesta Nacional de la Soja, en Arequito (Sta. Fe); 16\/10: Fiesta Provincial del Mate, en Las Rosas (Sta. Fe); 30\/10: Fiesta Nacional del Oro Dulce, en Casilda (Sta. Fe). Mientras que en el mes de noviembre asistir\u00e1n a la Fiesta Nacional de la Orde\u00f1adora en la localidad de El Tr\u00e9bol, y en diciembre a la Fiesta Nacional de la Leche, en Totoras.<br \/>\nLas bellas soberanas ser\u00e1n embajadoras de la comunidad en todos estos eventos que son tan representativos de Argentina y congregan importantes cantidades de p\u00fablico. <\/p>\n","protected":false},"excerpt":{"rendered":"<p>Los armstronenses tendr\u00e1n la posibilidad de estar muy bien representados por la Reina y Princesas Institucionales, seleccionadas en el mes de diciembre pasado en el marco de los festejos por los 133 a\u00f1os de la ciudad. Tanto la Reina Camila Santoni como la 1\u00b0 Princesa Emilia Coraglio y la 2\u00b0 Princesa Irina Pagliero, participar\u00e1n en <a href=\"https:\/\/armstrongyregion.com.ar\/diario\/reina-y-princesas-en-fiestas-nacionales-y-regionales\/\" title=\"Read more\" >&#8230;<\/a><\/p>\n","protected":false},"author":2,"featured_media":9868,"comment_status":"open","ping_status":"open","sticky":false,"template":"","format":"standard","meta":{"_jetpack_memberships_contains_paid_content":false,"footnotes":"","jetpack_publicize_message":"","jetpack_publicize_feature_enabled":true,"jetpack_social_post_already_shared":false,"jetpack_social_options":{"image_generator_settings":{"template":"highway","default_image_id":0,"enabled":false},"version":2}},"categories":[1,2,3],"tags":[138,15,651,4480,4481,2921,13],"class_list":["post-9867","post","type-post","status-publish","format-standard","has-post-thumbnail","hentry","category-diario-armstrong","category-locales","category-region","tag-fiestas","tag-en","tag-nacionales","tag-princesas","tag-regionales","tag-reina","tag-y"],"jetpack_publicize_connections":[],"jetpack_featured_media_url":"https:\/\/armstrongyregion.com.ar\/diario\/wp-content\/uploads\/2016\/10\/reina-y-princesas.jpg","jetpack_shortlink":"https:\/\/wp.me\/p62QDO-2z9","jetpack_sharing_enabled":true,"amp_enabled":true,"_links":{"self":[{"href":"https:\/\/armstrongyregion.com.ar\/diario\/wp-json\/wp\/v2\/posts\/9867","targetHints":{"allow":["GET"]}}],"collection":[{"href":"https:\/\/armstrongyregion.com.ar\/diario\/wp-json\/wp\/v2\/posts"}],"about":[{"href":"https:\/\/armstrongyregion.com.ar\/diario\/wp-json\/wp\/v2\/types\/post"}],"author":[{"embeddable":true,"href":"https:\/\/armstrongyregion.com.ar\/diario\/wp-json\/wp\/v2\/users\/2"}],"replies":[{"embeddable":true,"href":"https:\/\/armstrongyregion.com.ar\/diario\/wp-json\/wp\/v2\/comments?post=9867"}],"version-history":[{"count":0,"href":"https:\/\/armstrongyregion.com.ar\/diario\/wp-json\/wp\/v2\/posts\/9867\/revisions"}],"wp:featuredmedia":[{"embeddable":true,"href":"https:\/\/armstrongyregion.com.ar\/diario\/wp-json\/wp\/v2\/media\/9868"}],"wp:attachment":[{"href":"https:\/\/armstrongyregion.com.ar\/diario\/wp-json\/wp\/v2\/media?parent=9867"}],"wp:term":[{"taxonomy":"category","embeddable":true,"href":"https:\/\/armstrongyregion.com.ar\/diario\/wp-json\/wp\/v2\/categories?post=9867"},{"taxonomy":"post_tag","embeddable":true,"href":"https:\/\/armstrongyregion.com.ar\/diario\/wp-json\/wp\/v2\/tags?post=9867"}],"curies":[{"name":"wp","href":"https:\/\/api.w.org\/{rel}","templated":true}]}}