{"id":9864,"date":"2016-10-02T00:01:56","date_gmt":"2016-10-02T00:01:56","guid":{"rendered":"https:\/\/armstrongyregion.com.ar\/diario\/?p=9864"},"modified":"2016-10-02T00:01:56","modified_gmt":"2016-10-02T00:01:56","slug":"facundo-bagnis-campeon-en-medellin","status":"publish","type":"post","link":"https:\/\/armstrongyregion.com.ar\/diario\/facundo-bagnis-campeon-en-medellin\/","title":{"rendered":"Facundo Bagnis campe\u00f3n en Medell\u00edn."},"content":{"rendered":"<p><a href=\"http:\/\/armstrongyregion.com.ar\/diario\/wp-content\/uploads\/2016\/10\/Facu-Bagnis-.jpg\"><img loading=\"lazy\" decoding=\"async\" src=\"http:\/\/armstrongyregion.com.ar\/diario\/wp-content\/uploads\/2016\/10\/Facu-Bagnis-.jpg\" alt=\"facu-bagnis\" width=\"898\" height=\"500\" class=\"alignnone size-full wp-image-9865\" srcset=\"https:\/\/armstrongyregion.com.ar\/diario\/wp-content\/uploads\/2016\/10\/Facu-Bagnis-.jpg 898w, https:\/\/armstrongyregion.com.ar\/diario\/wp-content\/uploads\/2016\/10\/Facu-Bagnis--300x167.jpg 300w\" sizes=\"auto, (max-width: 898px) 100vw, 898px\" \/><\/a>El jugador santafesino, ubicado en la posici\u00f3n 92 del ranking mundial ATP, dobleg\u00f3 a Zampieri (173), con parciales de 6-7, 7-5 y 6-2.<br \/>\nEl argentino Facundo Bagnis se consagr\u00f3 esta tarde campe\u00f3n del Challenger de tenis de Medell\u00edn, al derrotar en la final al brasile\u00f1o Caio Zampieri, en un certamen que se jug\u00f3 sobre superficie de polvo de ladrillo y otorg\u00f3 premios por 50 mil d\u00f3lares. <\/p>\n<p>El jugador santafesino, ubicado en la posici\u00f3n 92 del ranking mundial ATP, dobleg\u00f3 a Zampieri (173), con parciales de 6-7, 7-5 y 6-2. <\/p>\n<p>El oriundo de la localidad de Armstrong no s\u00f3lo consum\u00f3 su quinto triunfo consecutivo sobre el paulista (se impuso sucesivamente en un Future Argentina 2009 y los Challenger Santiago de Chile 2010 y 2015 m\u00e1s Porto Alegre 2014).<\/p>\n<p>Sino que tambi\u00e9n alcanz\u00f3 su cuarto t\u00edtulo challenger en lo que va de la temporada. Durante el pasado verano, Bagnis, quien acceder\u00e1 a la colocaci\u00f3n 80 del escalaf\u00f3n desde el lunes pr\u00f3ximo, festej\u00f3 en los cert\u00e1menes challenger de Buenos Aires, R\u00edo de Janeiro y Santiago de Chile.<br \/>\nFuente: mdzol.com<\/p>\n","protected":false},"excerpt":{"rendered":"<p>El jugador santafesino, ubicado en la posici\u00f3n 92 del ranking mundial ATP, dobleg\u00f3 a Zampieri (173), con parciales de 6-7, 7-5 y 6-2. El argentino Facundo Bagnis se consagr\u00f3 esta tarde campe\u00f3n del Challenger de tenis de Medell\u00edn, al derrotar en la final al brasile\u00f1o Caio Zampieri, en un certamen que se jug\u00f3 sobre superficie <a href=\"https:\/\/armstrongyregion.com.ar\/diario\/facundo-bagnis-campeon-en-medellin\/\" title=\"Read more\" >&#8230;<\/a><\/p>\n","protected":false},"author":2,"featured_media":9865,"comment_status":"open","ping_status":"open","sticky":false,"template":"","format":"standard","meta":{"_jetpack_memberships_contains_paid_content":false,"footnotes":"","jetpack_publicize_message":"","jetpack_publicize_feature_enabled":true,"jetpack_social_post_already_shared":false,"jetpack_social_options":{"image_generator_settings":{"template":"highway","default_image_id":0,"enabled":false},"version":2}},"categories":[5,1,2819,2,3],"tags":[1168,1169,15,1167,4479],"class_list":["post-9864","post","type-post","status-publish","format-standard","has-post-thumbnail","hentry","category-deportes","category-diario-armstrong","category-el-pais","category-locales","category-region","tag-bagnis","tag-campeon","tag-en","tag-facundo","tag-medellin"],"jetpack_publicize_connections":[],"jetpack_featured_media_url":"https:\/\/armstrongyregion.com.ar\/diario\/wp-content\/uploads\/2016\/10\/Facu-Bagnis-.jpg","jetpack_shortlink":"https:\/\/wp.me\/p62QDO-2z6","jetpack_sharing_enabled":true,"amp_enabled":true,"_links":{"self":[{"href":"https:\/\/armstrongyregion.com.ar\/diario\/wp-json\/wp\/v2\/posts\/9864","targetHints":{"allow":["GET"]}}],"collection":[{"href":"https:\/\/armstrongyregion.com.ar\/diario\/wp-json\/wp\/v2\/posts"}],"about":[{"href":"https:\/\/armstrongyregion.com.ar\/diario\/wp-json\/wp\/v2\/types\/post"}],"author":[{"embeddable":true,"href":"https:\/\/armstrongyregion.com.ar\/diario\/wp-json\/wp\/v2\/users\/2"}],"replies":[{"embeddable":true,"href":"https:\/\/armstrongyregion.com.ar\/diario\/wp-json\/wp\/v2\/comments?post=9864"}],"version-history":[{"count":0,"href":"https:\/\/armstrongyregion.com.ar\/diario\/wp-json\/wp\/v2\/posts\/9864\/revisions"}],"wp:featuredmedia":[{"embeddable":true,"href":"https:\/\/armstrongyregion.com.ar\/diario\/wp-json\/wp\/v2\/media\/9865"}],"wp:attachment":[{"href":"https:\/\/armstrongyregion.com.ar\/diario\/wp-json\/wp\/v2\/media?parent=9864"}],"wp:term":[{"taxonomy":"category","embeddable":true,"href":"https:\/\/armstrongyregion.com.ar\/diario\/wp-json\/wp\/v2\/categories?post=9864"},{"taxonomy":"post_tag","embeddable":true,"href":"https:\/\/armstrongyregion.com.ar\/diario\/wp-json\/wp\/v2\/tags?post=9864"}],"curies":[{"name":"wp","href":"https:\/\/api.w.org\/{rel}","templated":true}]}}