{"id":9858,"date":"2016-10-01T16:45:17","date_gmt":"2016-10-01T16:45:17","guid":{"rendered":"https:\/\/armstrongyregion.com.ar\/diario\/?p=9858"},"modified":"2016-10-01T16:45:17","modified_gmt":"2016-10-01T16:45:17","slug":"colchones-y-frazadas-para-el-hogar-de-ancianos-valentin-ronchese","status":"publish","type":"post","link":"https:\/\/armstrongyregion.com.ar\/diario\/colchones-y-frazadas-para-el-hogar-de-ancianos-valentin-ronchese\/","title":{"rendered":"Colchones y frazadas para el Hogar de ancianos  \u00abValentin Ronchese\u00bb"},"content":{"rendered":"<p><a href=\"http:\/\/armstrongyregion.com.ar\/diario\/wp-content\/uploads\/2016\/10\/recepcion-de-colchones-y-frazadas.jpg\"><img loading=\"lazy\" decoding=\"async\" src=\"http:\/\/armstrongyregion.com.ar\/diario\/wp-content\/uploads\/2016\/10\/recepcion-de-colchones-y-frazadas.jpg\" alt=\"recepcion-de-colchones-y-frazadas\" width=\"768\" height=\"497\" class=\"alignnone size-full wp-image-9859\" srcset=\"https:\/\/armstrongyregion.com.ar\/diario\/wp-content\/uploads\/2016\/10\/recepcion-de-colchones-y-frazadas.jpg 768w, https:\/\/armstrongyregion.com.ar\/diario\/wp-content\/uploads\/2016\/10\/recepcion-de-colchones-y-frazadas-300x194.jpg 300w\" sizes=\"auto, (max-width: 768px) 100vw, 768px\" \/><\/a>El pasado 22 de septiembre, el Intendente Municipal Dr. Pablo Verdecchia junto a la Secretaria de Salud y Promoci\u00f3n Comunitaria Lic. Graciela Buschitarri y la Concejal Daniela P\u00e9rez mantuvieron una importante reuni\u00f3n con el Ministro de Desarrollo Social de la Provincia de Santa Fe Lic. Jorge \u00c1lvarez.<\/p>\n<p>En ella se abordaron temas de diversas problem\u00e1ticas de nuestra comunidad, especialmente del Hogar de Ancianos \u201cValent\u00edn Ronchese\u201d y desde el Ministerio mencionado han enviado la cantidad de 20 colchones y 20 frazadas que ya se encuentran dicho lugar.<\/p>\n","protected":false},"excerpt":{"rendered":"<p>El pasado 22 de septiembre, el Intendente Municipal Dr. Pablo Verdecchia junto a la Secretaria de Salud y Promoci\u00f3n Comunitaria Lic. Graciela Buschitarri y la Concejal Daniela P\u00e9rez mantuvieron una importante reuni\u00f3n con el Ministro de Desarrollo Social de la Provincia de Santa Fe Lic. Jorge \u00c1lvarez. En ella se abordaron temas de diversas problem\u00e1ticas <a href=\"https:\/\/armstrongyregion.com.ar\/diario\/colchones-y-frazadas-para-el-hogar-de-ancianos-valentin-ronchese\/\" title=\"Read more\" >&#8230;<\/a><\/p>\n","protected":false},"author":2,"featured_media":9859,"comment_status":"open","ping_status":"open","sticky":false,"template":"","format":"standard","meta":{"_jetpack_memberships_contains_paid_content":false,"footnotes":"","jetpack_publicize_message":"","jetpack_publicize_feature_enabled":true,"jetpack_social_post_already_shared":false,"jetpack_social_options":{"image_generator_settings":{"template":"highway","default_image_id":0,"enabled":false},"version":2}},"categories":[1,2],"tags":[4476,16,4477,394,81,4478,3448,13],"class_list":["post-9858","post","type-post","status-publish","format-standard","has-post-thumbnail","hentry","category-diario-armstrong","category-locales","tag-colchonez","tag-el","tag-frazadas","tag-hogar","tag-para","tag-ronchese","tag-valentin","tag-y"],"jetpack_publicize_connections":[],"jetpack_featured_media_url":"https:\/\/armstrongyregion.com.ar\/diario\/wp-content\/uploads\/2016\/10\/recepcion-de-colchones-y-frazadas.jpg","jetpack_shortlink":"https:\/\/wp.me\/p62QDO-2z0","jetpack_sharing_enabled":true,"amp_enabled":true,"_links":{"self":[{"href":"https:\/\/armstrongyregion.com.ar\/diario\/wp-json\/wp\/v2\/posts\/9858","targetHints":{"allow":["GET"]}}],"collection":[{"href":"https:\/\/armstrongyregion.com.ar\/diario\/wp-json\/wp\/v2\/posts"}],"about":[{"href":"https:\/\/armstrongyregion.com.ar\/diario\/wp-json\/wp\/v2\/types\/post"}],"author":[{"embeddable":true,"href":"https:\/\/armstrongyregion.com.ar\/diario\/wp-json\/wp\/v2\/users\/2"}],"replies":[{"embeddable":true,"href":"https:\/\/armstrongyregion.com.ar\/diario\/wp-json\/wp\/v2\/comments?post=9858"}],"version-history":[{"count":0,"href":"https:\/\/armstrongyregion.com.ar\/diario\/wp-json\/wp\/v2\/posts\/9858\/revisions"}],"wp:featuredmedia":[{"embeddable":true,"href":"https:\/\/armstrongyregion.com.ar\/diario\/wp-json\/wp\/v2\/media\/9859"}],"wp:attachment":[{"href":"https:\/\/armstrongyregion.com.ar\/diario\/wp-json\/wp\/v2\/media?parent=9858"}],"wp:term":[{"taxonomy":"category","embeddable":true,"href":"https:\/\/armstrongyregion.com.ar\/diario\/wp-json\/wp\/v2\/categories?post=9858"},{"taxonomy":"post_tag","embeddable":true,"href":"https:\/\/armstrongyregion.com.ar\/diario\/wp-json\/wp\/v2\/tags?post=9858"}],"curies":[{"name":"wp","href":"https:\/\/api.w.org\/{rel}","templated":true}]}}