{"id":9791,"date":"2016-09-28T12:23:27","date_gmt":"2016-09-28T12:23:27","guid":{"rendered":"https:\/\/armstrongyregion.com.ar\/diario\/?p=9791"},"modified":"2016-09-28T12:24:53","modified_gmt":"2016-09-28T12:24:53","slug":"25-feria-de-colectividades-en-armstrong","status":"publish","type":"post","link":"https:\/\/armstrongyregion.com.ar\/diario\/25-feria-de-colectividades-en-armstrong\/","title":{"rendered":"25\u00b0 Feria de Colectividades en Armstrong."},"content":{"rendered":"<p><a href=\"http:\/\/armstrongyregion.com.ar\/diario\/wp-content\/uploads\/2016\/09\/Auditorio.jpg\"><img loading=\"lazy\" decoding=\"async\" src=\"http:\/\/armstrongyregion.com.ar\/diario\/wp-content\/uploads\/2016\/09\/Auditorio.jpg\" alt=\"auditorio\" width=\"837\" height=\"520\" class=\"alignnone size-full wp-image-9792\" srcset=\"https:\/\/armstrongyregion.com.ar\/diario\/wp-content\/uploads\/2016\/09\/Auditorio.jpg 837w, https:\/\/armstrongyregion.com.ar\/diario\/wp-content\/uploads\/2016\/09\/Auditorio-300x186.jpg 300w\" sizes=\"auto, (max-width: 837px) 100vw, 837px\" \/><\/a>En la noche del martes la comunidad educativa de la Esc. 262  junto a  las autoridades municipales y con la presencia del senador Guillermo Cornaglia se realiz\u00f3 el lanzamiento del evento a concretarse el pr\u00f3ximo 9 de octubre. Las colectividades deleitaron a la prensa y al auditorio con sus platos t\u00edpicos.<br \/>\n<a href=\"http:\/\/armstrongyregion.com.ar\/diario\/wp-content\/uploads\/2016\/09\/Paula-Gustavo-.jpg\"><img loading=\"lazy\" decoding=\"async\" src=\"http:\/\/armstrongyregion.com.ar\/diario\/wp-content\/uploads\/2016\/09\/Paula-Gustavo-.jpg\" alt=\"paula-gustavo\" width=\"696\" height=\"540\" class=\"alignnone size-full wp-image-9794\" srcset=\"https:\/\/armstrongyregion.com.ar\/diario\/wp-content\/uploads\/2016\/09\/Paula-Gustavo-.jpg 696w, https:\/\/armstrongyregion.com.ar\/diario\/wp-content\/uploads\/2016\/09\/Paula-Gustavo--300x233.jpg 300w\" sizes=\"auto, (max-width: 696px) 100vw, 696px\" \/><\/a>En dicha presentaci\u00f3n todos los disertantes remarcaron la historia y el recorrido de la feria. Tanto el cuerpo docente como los cooperadores siempre trabajaron codo a codo en esta iniciativa que naci\u00f3 en el a\u00f1o 1992.<br \/>\nEn los \u00faltimas  primaveras el crecimiento viene siendo progresivo asisten m\u00e1s de 7000 personas de nuestra ciudad y localidades vecinas. Toda la comunidad pone el mayor esfuerzo de una manera u otra para que la Feria siga creciendo y la ciudadan\u00eda entera espera el mes de octubre para deleitarse con sus platos t\u00edpicos. Este a\u00f1o participaran 15 colectividades.<br \/>\nEn cuanto al cronograma de espect\u00e1culos, luego del desfile que sale desde la instituci\u00f3n educativa y se realizara a las 15,30hs se efectuara el acto protocolar en el escenario mayor de la plaza San Martin.<br \/>\nA las 16,30hs est\u00e1n programados los bailes de los alumnos de la escuela, luego la participaci\u00f3n de Bemba Colora, a posteriori Vallet Vasco.<br \/>\n19,25hs Julieta Marucco.<br \/>\n19,50hs Grupo Warmi.<br \/>\n20,10hs. Ballet Nacional Folclore Libanes.<br \/>\n20,35hs Eva y Gustavo.<br \/>\n21hs Sorteo de la Rifa,<br \/>\n21:20hs Bemba Color\u00e1.<br \/>\n21,45hs Ballet Polaco.<br \/>\n22,10hs Grupo Warmi.<br \/>\n22,25hs Mariachi Rey.<br \/>\n22,50hs Elecci\u00f3n Mejor Stand.<br \/>\n23,05hs GRUPO MUSICAL LOS LIRIOS.<\/p>\n","protected":false},"excerpt":{"rendered":"<p>En la noche del martes la comunidad educativa de la Esc. 262 junto a las autoridades municipales y con la presencia del senador Guillermo Cornaglia se realiz\u00f3 el lanzamiento del evento a concretarse el pr\u00f3ximo 9 de octubre. Las colectividades deleitaron a la prensa y al auditorio con sus platos t\u00edpicos. En dicha presentaci\u00f3n todos <a href=\"https:\/\/armstrongyregion.com.ar\/diario\/25-feria-de-colectividades-en-armstrong\/\" title=\"Read more\" >&#8230;<\/a><\/p>\n","protected":false},"author":2,"featured_media":9792,"comment_status":"open","ping_status":"open","sticky":false,"template":"","format":"standard","meta":{"_jetpack_memberships_contains_paid_content":false,"footnotes":"","jetpack_publicize_message":"","jetpack_publicize_feature_enabled":true,"jetpack_social_post_already_shared":false,"jetpack_social_options":{"image_generator_settings":{"template":"highway","default_image_id":0,"enabled":false},"version":2}},"categories":[6,1,2,3],"tags":[1727,20,878,19,15,1725],"class_list":["post-9791","post","type-post","status-publish","format-standard","has-post-thumbnail","hentry","category-cultura-entretenimiento","category-diario-armstrong","category-locales","category-region","tag-1727","tag-armstrong","tag-colectividades","tag-de","tag-en","tag-feria"],"jetpack_publicize_connections":[],"jetpack_featured_media_url":"https:\/\/armstrongyregion.com.ar\/diario\/wp-content\/uploads\/2016\/09\/Auditorio.jpg","jetpack_shortlink":"https:\/\/wp.me\/p62QDO-2xV","jetpack_sharing_enabled":true,"amp_enabled":true,"_links":{"self":[{"href":"https:\/\/armstrongyregion.com.ar\/diario\/wp-json\/wp\/v2\/posts\/9791","targetHints":{"allow":["GET"]}}],"collection":[{"href":"https:\/\/armstrongyregion.com.ar\/diario\/wp-json\/wp\/v2\/posts"}],"about":[{"href":"https:\/\/armstrongyregion.com.ar\/diario\/wp-json\/wp\/v2\/types\/post"}],"author":[{"embeddable":true,"href":"https:\/\/armstrongyregion.com.ar\/diario\/wp-json\/wp\/v2\/users\/2"}],"replies":[{"embeddable":true,"href":"https:\/\/armstrongyregion.com.ar\/diario\/wp-json\/wp\/v2\/comments?post=9791"}],"version-history":[{"count":0,"href":"https:\/\/armstrongyregion.com.ar\/diario\/wp-json\/wp\/v2\/posts\/9791\/revisions"}],"wp:featuredmedia":[{"embeddable":true,"href":"https:\/\/armstrongyregion.com.ar\/diario\/wp-json\/wp\/v2\/media\/9792"}],"wp:attachment":[{"href":"https:\/\/armstrongyregion.com.ar\/diario\/wp-json\/wp\/v2\/media?parent=9791"}],"wp:term":[{"taxonomy":"category","embeddable":true,"href":"https:\/\/armstrongyregion.com.ar\/diario\/wp-json\/wp\/v2\/categories?post=9791"},{"taxonomy":"post_tag","embeddable":true,"href":"https:\/\/armstrongyregion.com.ar\/diario\/wp-json\/wp\/v2\/tags?post=9791"}],"curies":[{"name":"wp","href":"https:\/\/api.w.org\/{rel}","templated":true}]}}