{"id":9776,"date":"2016-09-27T15:30:06","date_gmt":"2016-09-27T15:30:06","guid":{"rendered":"https:\/\/armstrongyregion.com.ar\/diario\/?p=9776"},"modified":"2016-09-27T15:30:06","modified_gmt":"2016-09-27T15:30:06","slug":"armstrong-orden-del-dia-27-de-septiembre","status":"publish","type":"post","link":"https:\/\/armstrongyregion.com.ar\/diario\/armstrong-orden-del-dia-27-de-septiembre\/","title":{"rendered":"Armstrong. Orden del d\u00eda 27 de septiembre."},"content":{"rendered":"<p><a href=\"http:\/\/armstrongyregion.com.ar\/diario\/wp-content\/uploads\/2016\/09\/Concejo-1.jpg\"><img loading=\"lazy\" decoding=\"async\" src=\"http:\/\/armstrongyregion.com.ar\/diario\/wp-content\/uploads\/2016\/09\/Concejo-1.jpg\" alt=\"concejo\" width=\"960\" height=\"540\" class=\"alignnone size-full wp-image-9777\" srcset=\"https:\/\/armstrongyregion.com.ar\/diario\/wp-content\/uploads\/2016\/09\/Concejo-1.jpg 960w, https:\/\/armstrongyregion.com.ar\/diario\/wp-content\/uploads\/2016\/09\/Concejo-1-300x169.jpg 300w\" sizes=\"auto, (max-width: 960px) 100vw, 960px\" \/><\/a>1-  ACTA  SESI\u00d3N  N\u00ba 912 <\/p>\n<p>2-  MENSAJES DEL D.E.:<\/p>\n<p>     A- PEDIDO DE PR\u00d3RROGA, PARA LA PRESENTACI\u00d3N DEL PRESUPUESTO GENERAL DE GASTOS Y C\u00c1LCULO DE RECURSOS DE LA MUNICIPALIDAD, PARA EL EJERCICIO 2017.<\/p>\n<p>3-  CORRESPONDENCIAS:<\/p>\n<p>    A- ESCUELA SUPERIOR DE COMERCIO N\u00ba 51 \u201c DR. MANUEL BELGRANO\u201d: DECLARACI\u00d3N DE INTER\u00c9S MUNICIPAL FERIA DE MICROEMPRENDIMIENTOS ESTUDIANTILES \u201cEMPRENDER PARA CRECER\u201d EDICI\u00d3N 2016.<br \/>\n    B- SINDICATO DE EMPLEADOS DE COMERCIO: SOLICITA RESPUESTA ANTE EL PEDIDO DE ADHESI\u00d3N A LA LEY PROVINCIAL N\u00ba 13.441.<\/p>\n<p>4-  DICTAMENES DE COMISIONES:   <\/p>\n<p>5-  PROYECTOS DE CONCEJALES:<\/p>\n<p>   A- BLOQUE DE FRENTE PROGRESISTA, C\u00cdVICO Y SOCIAL: <\/p>\n<p>       1- MC.: INFORME SOBRE FORESTACI\u00d3N EN LA CIUDAD.<\/p>\n<p>   B- BLOQUE DE RENOVACI\u00d3N POR ARMSTRONG: <\/p>\n<p>   C- BLOQUE DE LA GRAN  ARGENTINA \u2013 PARTIDO JUSTICIALISTA: <\/p>\n<p>       2- MC.: INFORME SOBRE LA SUSPENSI\u00d3N DE LA OBRA DE CORD\u00d3N CUNETA EN CALLE TORTUGAS, ENTRE BERGARA Y PARAN\u00c1.<br \/>\n       3- MC.: CONSTRUCCI\u00d3N DE RAMPAS PARA PERSONAS CON DISCAPACIDAD EN LA ESQUINA DE CALLE BUENOS AIRES, ENTRE VENEZUELA Y VILLA MAR\u00cdA.<\/p>\n<p>   D- BLOQUE DE FRENTE JUSTICIALISTA PARA LA VICTORIA: <\/p>\n<p>   E- CONCEJO: <\/p>\n<p>       4- MD.: CONVENCI\u00d3N SOBRE LOS DERECHOS DEL NI\u00d1O Y DEL ADOLESCENTE.<\/p>\n<p>        INICIO A LAS 20:00 HORAS.-<\/p>\n","protected":false},"excerpt":{"rendered":"<p>1- ACTA SESI\u00d3N N\u00ba 912 2- MENSAJES DEL D.E.: A- PEDIDO DE PR\u00d3RROGA, PARA LA PRESENTACI\u00d3N DEL PRESUPUESTO GENERAL DE GASTOS Y C\u00c1LCULO DE RECURSOS DE LA MUNICIPALIDAD, PARA EL EJERCICIO 2017. 3- CORRESPONDENCIAS: A- ESCUELA SUPERIOR DE COMERCIO N\u00ba 51 \u201c DR. MANUEL BELGRANO\u201d: DECLARACI\u00d3N DE INTER\u00c9S MUNICIPAL FERIA DE MICROEMPRENDIMIENTOS ESTUDIANTILES \u201cEMPRENDER PARA <a href=\"https:\/\/armstrongyregion.com.ar\/diario\/armstrong-orden-del-dia-27-de-septiembre\/\" title=\"Read more\" >&#8230;<\/a><\/p>\n","protected":false},"author":2,"featured_media":9777,"comment_status":"open","ping_status":"open","sticky":false,"template":"","format":"standard","meta":{"_jetpack_memberships_contains_paid_content":false,"footnotes":"","jetpack_publicize_message":"","jetpack_publicize_feature_enabled":true,"jetpack_social_post_already_shared":false,"jetpack_social_options":{"image_generator_settings":{"template":"highway","default_image_id":0,"enabled":false},"version":2}},"categories":[1,2,7],"tags":[3020,20,19,53,793,1570,2628],"class_list":["post-9776","post","type-post","status-publish","format-standard","has-post-thumbnail","hentry","category-diario-armstrong","category-locales","category-politica","tag-3020","tag-armstrong","tag-de","tag-del","tag-dia","tag-orden","tag-septiembre"],"jetpack_publicize_connections":[],"jetpack_featured_media_url":"https:\/\/armstrongyregion.com.ar\/diario\/wp-content\/uploads\/2016\/09\/Concejo-1.jpg","jetpack_shortlink":"https:\/\/wp.me\/p62QDO-2xG","jetpack_sharing_enabled":true,"amp_enabled":true,"_links":{"self":[{"href":"https:\/\/armstrongyregion.com.ar\/diario\/wp-json\/wp\/v2\/posts\/9776","targetHints":{"allow":["GET"]}}],"collection":[{"href":"https:\/\/armstrongyregion.com.ar\/diario\/wp-json\/wp\/v2\/posts"}],"about":[{"href":"https:\/\/armstrongyregion.com.ar\/diario\/wp-json\/wp\/v2\/types\/post"}],"author":[{"embeddable":true,"href":"https:\/\/armstrongyregion.com.ar\/diario\/wp-json\/wp\/v2\/users\/2"}],"replies":[{"embeddable":true,"href":"https:\/\/armstrongyregion.com.ar\/diario\/wp-json\/wp\/v2\/comments?post=9776"}],"version-history":[{"count":0,"href":"https:\/\/armstrongyregion.com.ar\/diario\/wp-json\/wp\/v2\/posts\/9776\/revisions"}],"wp:featuredmedia":[{"embeddable":true,"href":"https:\/\/armstrongyregion.com.ar\/diario\/wp-json\/wp\/v2\/media\/9777"}],"wp:attachment":[{"href":"https:\/\/armstrongyregion.com.ar\/diario\/wp-json\/wp\/v2\/media?parent=9776"}],"wp:term":[{"taxonomy":"category","embeddable":true,"href":"https:\/\/armstrongyregion.com.ar\/diario\/wp-json\/wp\/v2\/categories?post=9776"},{"taxonomy":"post_tag","embeddable":true,"href":"https:\/\/armstrongyregion.com.ar\/diario\/wp-json\/wp\/v2\/tags?post=9776"}],"curies":[{"name":"wp","href":"https:\/\/api.w.org\/{rel}","templated":true}]}}