{"id":9773,"date":"2016-09-27T10:16:25","date_gmt":"2016-09-27T10:16:25","guid":{"rendered":"https:\/\/armstrongyregion.com.ar\/diario\/?p=9773"},"modified":"2016-09-27T10:16:25","modified_gmt":"2016-09-27T10:16:25","slug":"deliberando-feria-de-colectividades-en-armstrong-concejal-y-diputado-del-f-p-c-y-s","status":"publish","type":"post","link":"https:\/\/armstrongyregion.com.ar\/diario\/deliberando-feria-de-colectividades-en-armstrong-concejal-y-diputado-del-f-p-c-y-s\/","title":{"rendered":"Deliberando: Feria de Colectividades en Armstrong, Concejal y Diputado del F.P.C.y S."},"content":{"rendered":"<p><a href=\"http:\/\/armstrongyregion.com.ar\/diario\/wp-content\/uploads\/2016\/09\/DSC_0980.jpg\"><img loading=\"lazy\" decoding=\"async\" src=\"http:\/\/armstrongyregion.com.ar\/diario\/wp-content\/uploads\/2016\/09\/DSC_0980-1024x683.jpg\" alt=\"Sandra_Clerici\" width=\"800\" height=\"534\" class=\"alignnone size-large wp-image-9774\" srcset=\"https:\/\/armstrongyregion.com.ar\/diario\/wp-content\/uploads\/2016\/09\/DSC_0980-1024x683.jpg 1024w, https:\/\/armstrongyregion.com.ar\/diario\/wp-content\/uploads\/2016\/09\/DSC_0980-300x200.jpg 300w\" sizes=\"auto, (max-width: 800px) 100vw, 800px\" \/><\/a>Hoy en Deliberando participara la concejal Sandra Clerici del F. P. C. y S de la ciudad de Las Parejas, quien nos hablara  sobre actualidad parejense y temas relacionados a la planificaci\u00f3n estrat\u00e9gica de su ciudad,  vivienda, espacios verdes, seguridad y prevenci\u00f3n de adicciones entre otros.<br \/>\nLuego Paula Gonzalez, Pta de la Cooperadora de la Esc. N\u00b0 262 de la localidad de Armstrong, invita a la 25\u00b0 Feria de colectividades a realizarse el domingo 9 de octubre, a deleitar platos de diversas naciones, bailes t\u00edpicos con la presentaci\u00f3n de artistas locales y de la regi\u00f3n y un maravilloso cierre del grupo musical \u201cLos Lirios\u201d.<br \/>\nFinalmente el Dip. Miguel Sol\u00eds del F. P. C. y S nos informara sobre su actividad legislativa, proyectos, gran demanda para ayudas econ\u00f3micas a instituciones educativas y deportivas como as\u00ed al incremento de ayudas a particulares junto a temas que competen a la seguridad, reforma constitucional, etc.<\/p>\n","protected":false},"excerpt":{"rendered":"<p>Hoy en Deliberando participara la concejal Sandra Clerici del F. P. C. y S de la ciudad de Las Parejas, quien nos hablara sobre actualidad parejense y temas relacionados a la planificaci\u00f3n estrat\u00e9gica de su ciudad, vivienda, espacios verdes, seguridad y prevenci\u00f3n de adicciones entre otros. Luego Paula Gonzalez, Pta de la Cooperadora de la <a href=\"https:\/\/armstrongyregion.com.ar\/diario\/deliberando-feria-de-colectividades-en-armstrong-concejal-y-diputado-del-f-p-c-y-s\/\" title=\"Read more\" >&#8230;<\/a><\/p>\n","protected":false},"author":2,"featured_media":9774,"comment_status":"open","ping_status":"open","sticky":false,"template":"","format":"standard","meta":{"_jetpack_memberships_contains_paid_content":false,"footnotes":"","jetpack_publicize_message":"","jetpack_publicize_feature_enabled":true,"jetpack_social_post_already_shared":false,"jetpack_social_options":{"image_generator_settings":{"template":"highway","default_image_id":0,"enabled":false},"version":2}},"categories":[8,1,2,7,3],"tags":[20,878,19,1725],"class_list":["post-9773","post","type-post","status-publish","format-standard","has-post-thumbnail","hentry","category-deliberando","category-diario-armstrong","category-locales","category-politica","category-region","tag-armstrong","tag-colectividades","tag-de","tag-feria"],"jetpack_publicize_connections":[],"jetpack_featured_media_url":"https:\/\/armstrongyregion.com.ar\/diario\/wp-content\/uploads\/2016\/09\/DSC_0980.jpg","jetpack_shortlink":"https:\/\/wp.me\/p62QDO-2xD","jetpack_sharing_enabled":true,"amp_enabled":true,"_links":{"self":[{"href":"https:\/\/armstrongyregion.com.ar\/diario\/wp-json\/wp\/v2\/posts\/9773","targetHints":{"allow":["GET"]}}],"collection":[{"href":"https:\/\/armstrongyregion.com.ar\/diario\/wp-json\/wp\/v2\/posts"}],"about":[{"href":"https:\/\/armstrongyregion.com.ar\/diario\/wp-json\/wp\/v2\/types\/post"}],"author":[{"embeddable":true,"href":"https:\/\/armstrongyregion.com.ar\/diario\/wp-json\/wp\/v2\/users\/2"}],"replies":[{"embeddable":true,"href":"https:\/\/armstrongyregion.com.ar\/diario\/wp-json\/wp\/v2\/comments?post=9773"}],"version-history":[{"count":0,"href":"https:\/\/armstrongyregion.com.ar\/diario\/wp-json\/wp\/v2\/posts\/9773\/revisions"}],"wp:featuredmedia":[{"embeddable":true,"href":"https:\/\/armstrongyregion.com.ar\/diario\/wp-json\/wp\/v2\/media\/9774"}],"wp:attachment":[{"href":"https:\/\/armstrongyregion.com.ar\/diario\/wp-json\/wp\/v2\/media?parent=9773"}],"wp:term":[{"taxonomy":"category","embeddable":true,"href":"https:\/\/armstrongyregion.com.ar\/diario\/wp-json\/wp\/v2\/categories?post=9773"},{"taxonomy":"post_tag","embeddable":true,"href":"https:\/\/armstrongyregion.com.ar\/diario\/wp-json\/wp\/v2\/tags?post=9773"}],"curies":[{"name":"wp","href":"https:\/\/api.w.org\/{rel}","templated":true}]}}