{"id":9764,"date":"2016-09-27T02:27:45","date_gmt":"2016-09-27T02:27:45","guid":{"rendered":"https:\/\/armstrongyregion.com.ar\/diario\/?p=9764"},"modified":"2016-09-27T02:27:45","modified_gmt":"2016-09-27T02:27:45","slug":"una-noche-de-encuentros-y-produccion-cultural-se-vivio-en-pena-el-amanecer","status":"publish","type":"post","link":"https:\/\/armstrongyregion.com.ar\/diario\/una-noche-de-encuentros-y-produccion-cultural-se-vivio-en-pena-el-amanecer\/","title":{"rendered":"Una noche de encuentros y producci\u00f3n cultural se vivi\u00f3 en Pe\u00f1a \u201cEl Amanecer\u201d"},"content":{"rendered":"<p><a href=\"http:\/\/armstrongyregion.com.ar\/diario\/wp-content\/uploads\/2016\/09\/pe\u00f1a-amanecer1.jpg\"><img loading=\"lazy\" decoding=\"async\" src=\"http:\/\/armstrongyregion.com.ar\/diario\/wp-content\/uploads\/2016\/09\/pe\u00f1a-amanecer1.jpg\" alt=\"pena-amanecer\" width=\"768\" height=\"576\" class=\"alignnone size-full wp-image-9763\" srcset=\"https:\/\/armstrongyregion.com.ar\/diario\/wp-content\/uploads\/2016\/09\/pe\u00f1a-amanecer1.jpg 768w, https:\/\/armstrongyregion.com.ar\/diario\/wp-content\/uploads\/2016\/09\/pe\u00f1a-amanecer1-300x225.jpg 300w\" sizes=\"auto, (max-width: 768px) 100vw, 768px\" \/><\/a>El pasado viernes viernes 23 de septiembre en la localidad de Correa (Depto. Iriondo) la distinguida e historica Pe\u00f1a \u201cEl Amanecer\u201d present\u00f3 para los distintos secretarios, directores y referentes culturales de la Usinas I y III dos obras art\u00edsticas: \u201cAqu\u00ed me pongo a bailar\u201d y \u201cLa Patriada\u201d<\/p>\n<p>La noche cont\u00f3 con la presencia del Presidente del Ente Cultural Santafesino. Leonardo Carrozza, de la Diputada Provincial Claudia Giaccone, el Presidente Comunal de Lucio V L\u00f3pez Pablo Sullivan,el Coordinador del ECS Prof. Fernando Banegas, los directores de las Usina I, III y V Marcela Geminale, Sandra Maidana y Ernesto Paul\u00f3n junto los representantes culturales de las comunidades de: Villa Elo\u00edsa, Salto Grande, Lucio V. L\u00f3pez, Zavalla, Maria Susana, Wheelwright, Chovet, Capit\u00e1n Bermudez, Labordeboy, Los Quirquinchos y Montes de Oca.<\/p>\n<p>Leonardo Carrozza Presidente del Ente Cultural agradeci\u00f3 la predisposici\u00f3n y atenci\u00f3n de la Pe\u00f1a quienes ademas brindaron un espect\u00e1culo que permitir\u00e1 difundir y promover en distintas etapas a trav\u00e9s del programa \u201cCompartiendo Cultura\u201d y posibilitar la llegada de esta propuesta a los pueblos y  ciudades del Ente Cultural.<\/p>\n<p>La Diputada Giaccone se\u00f1al\u00f3 el trabajo que se viene desarrollando en Correa junto a la Biblioteca Popular y la Pe\u00f1a.\u201cGeneramos una agenda muy importante , fortaleciendo el quehacer cultural de toda una regi\u00f3n y provincia. Es por esto, que Pe\u00f1a \u201cEl Amanecer el pr\u00f3ximo 30 de noviembre recibir\u00e1 un reconocimiento a la trayectoria, pudiendo adem\u00e1s, disfrutar de su arte en el hall de la Legislatura provincial.<\/p>\n<p>\u201cAqu\u00ed me pongo a bailar\u201d Trabajo realizado por todos los ni\u00f1os de esta instituci\u00f3n que en forma gratuita asisten a su casa y que funciona como tal desde hace 41 a\u00f1os. La obra esta pensada para chicos y efectuada por los chicos. Por tal motivo y teniendo en cuenta el desconocimiento de ellos sobre la historia de Jos\u00e9 Hern\u00e1ndez, buscamos la manera de unir en lenguaje simple y claro las diferentes danzas. Se cuentan las peripecias m\u00e1s destacadas y atractivas de manera entendible para su edad y a la vez, que les resulte interesante descubrirla desde la lectura. El campo, la pulperia, la pelea, la payada, la fuga y el regreso son partes de \u00e9sta historia bailada por ni\u00f1os de 6 a 13 a\u00f1os.<\/p>\n<p>\u201cLa Patriada\u201d: El Ballet mayor presentar\u00e1 un cuadro donde al apreciar los relatos y las frases del mismo dar\u00e1n los motivos suficientes para saber definir lo que se est\u00e1 transmitiendo desde el escenario. Aires de triunfo y malambo hacen que el celeste y blanco prime en \u201cLa patriada\u201d.<\/p>\n","protected":false},"excerpt":{"rendered":"<p>El pasado viernes viernes 23 de septiembre en la localidad de Correa (Depto. Iriondo) la distinguida e historica Pe\u00f1a \u201cEl Amanecer\u201d present\u00f3 para los distintos secretarios, directores y referentes culturales de la Usinas I y III dos obras art\u00edsticas: \u201cAqu\u00ed me pongo a bailar\u201d y \u201cLa Patriada\u201d La noche cont\u00f3 con la presencia del Presidente <a href=\"https:\/\/armstrongyregion.com.ar\/diario\/una-noche-de-encuentros-y-produccion-cultural-se-vivio-en-pena-el-amanecer\/\" title=\"Read more\" >&#8230;<\/a><\/p>\n","protected":false},"author":2,"featured_media":9765,"comment_status":"open","ping_status":"open","sticky":false,"template":"","format":"standard","meta":{"_jetpack_memberships_contains_paid_content":false,"footnotes":"","jetpack_publicize_message":"","jetpack_publicize_feature_enabled":true,"jetpack_social_post_already_shared":false,"jetpack_social_options":{"image_generator_settings":{"template":"highway","default_image_id":0,"enabled":false},"version":2}},"categories":[6,1,2],"tags":[4441],"class_list":["post-9764","post","type-post","status-publish","format-standard","has-post-thumbnail","hentry","category-cultura-entretenimiento","category-diario-armstrong","category-locales","tag-una-noche-de-encuentros-y-produccion-cultural-se-vivio-en-pena-el-amanecer"],"jetpack_publicize_connections":[],"jetpack_featured_media_url":"https:\/\/armstrongyregion.com.ar\/diario\/wp-content\/uploads\/2016\/09\/pe\u00f1a-amanecer2.jpg","jetpack_shortlink":"https:\/\/wp.me\/p62QDO-2xu","jetpack_sharing_enabled":true,"amp_enabled":true,"_links":{"self":[{"href":"https:\/\/armstrongyregion.com.ar\/diario\/wp-json\/wp\/v2\/posts\/9764","targetHints":{"allow":["GET"]}}],"collection":[{"href":"https:\/\/armstrongyregion.com.ar\/diario\/wp-json\/wp\/v2\/posts"}],"about":[{"href":"https:\/\/armstrongyregion.com.ar\/diario\/wp-json\/wp\/v2\/types\/post"}],"author":[{"embeddable":true,"href":"https:\/\/armstrongyregion.com.ar\/diario\/wp-json\/wp\/v2\/users\/2"}],"replies":[{"embeddable":true,"href":"https:\/\/armstrongyregion.com.ar\/diario\/wp-json\/wp\/v2\/comments?post=9764"}],"version-history":[{"count":0,"href":"https:\/\/armstrongyregion.com.ar\/diario\/wp-json\/wp\/v2\/posts\/9764\/revisions"}],"wp:featuredmedia":[{"embeddable":true,"href":"https:\/\/armstrongyregion.com.ar\/diario\/wp-json\/wp\/v2\/media\/9765"}],"wp:attachment":[{"href":"https:\/\/armstrongyregion.com.ar\/diario\/wp-json\/wp\/v2\/media?parent=9764"}],"wp:term":[{"taxonomy":"category","embeddable":true,"href":"https:\/\/armstrongyregion.com.ar\/diario\/wp-json\/wp\/v2\/categories?post=9764"},{"taxonomy":"post_tag","embeddable":true,"href":"https:\/\/armstrongyregion.com.ar\/diario\/wp-json\/wp\/v2\/tags?post=9764"}],"curies":[{"name":"wp","href":"https:\/\/api.w.org\/{rel}","templated":true}]}}