{"id":9754,"date":"2016-09-27T02:03:17","date_gmt":"2016-09-27T02:03:17","guid":{"rendered":"https:\/\/armstrongyregion.com.ar\/diario\/?p=9754"},"modified":"2016-09-27T02:03:17","modified_gmt":"2016-09-27T02:03:17","slug":"armstrong-festival-musical-con-grandes-talentos","status":"publish","type":"post","link":"https:\/\/armstrongyregion.com.ar\/diario\/armstrong-festival-musical-con-grandes-talentos\/","title":{"rendered":"Armstrong. Festival musical con grandes talentos."},"content":{"rendered":"<p><a href=\"http:\/\/armstrongyregion.com.ar\/diario\/wp-content\/uploads\/2016\/09\/festival-25-09-16.jpg\"><img loading=\"lazy\" decoding=\"async\" src=\"http:\/\/armstrongyregion.com.ar\/diario\/wp-content\/uploads\/2016\/09\/festival-25-09-16.jpg\" alt=\"festival-25-09-16\" width=\"768\" height=\"516\" class=\"alignnone size-full wp-image-9755\" srcset=\"https:\/\/armstrongyregion.com.ar\/diario\/wp-content\/uploads\/2016\/09\/festival-25-09-16.jpg 768w, https:\/\/armstrongyregion.com.ar\/diario\/wp-content\/uploads\/2016\/09\/festival-25-09-16-300x202.jpg 300w\" sizes=\"auto, (max-width: 768px) 100vw, 768px\" \/><\/a>El s\u00e1bado 24 de septiembre en la Estaci\u00f3n M\u00e1s se realiz\u00f3 el festival art\u00edstico musical organizado por los integrantes del coro de adultos del Conservatorio Municipal de M\u00fasica \u201cEnzo Vacchino\u201d con el fin de recaudar fondos para pr\u00f3ximas actuaciones.<br \/>\nPor el escenario se sucedieron una importante cantidad de talentosos artistas que colaboraron de manera desinteresada. Las encargadas de abrir la noche fueron las jovencitas Gianella Bertello y V\u00edctoria Romoli, y siguieron el grupo de danzas latinoamericanas Warmi presentando M\u00e9xico, Luciana Viotto acompa\u00f1ada por la guitarra de Cristian Guzm\u00e1n, el joven OZME con tres raps propios, nuevamente Warmi en este caso con danzas de Colombia, la potente voz de Eva Ardizone, Andrea &#038; Raisa, el grupo de danzas Bemba Color\u00e1 con m\u00fasica y danzas de nuestro litoral, la presentaci\u00f3n de Magal\u00ed Gonz\u00e1lez y, en el cierre, el gran artista Cristian Guzm\u00e1n.<br \/>\nAdem\u00e1s del espect\u00e1culo art\u00edstico el p\u00fablico pudo disfrutar de la gran oferta de comidas,  mientras que entre el p\u00fablico pod\u00edan verse varios mates compartidos.<br \/>\nEl evento cont\u00f3 tambi\u00e9n con la colaboraci\u00f3n de comercios, empresas y particulares a quienes se les agradece p\u00fablicamente, y hubo muchos sorteos con importantes premios. <\/p>\n","protected":false},"excerpt":{"rendered":"<p>El s\u00e1bado 24 de septiembre en la Estaci\u00f3n M\u00e1s se realiz\u00f3 el festival art\u00edstico musical organizado por los integrantes del coro de adultos del Conservatorio Municipal de M\u00fasica \u201cEnzo Vacchino\u201d con el fin de recaudar fondos para pr\u00f3ximas actuaciones. Por el escenario se sucedieron una importante cantidad de talentosos artistas que colaboraron de manera desinteresada. <a href=\"https:\/\/armstrongyregion.com.ar\/diario\/armstrong-festival-musical-con-grandes-talentos\/\" title=\"Read more\" >&#8230;<\/a><\/p>\n","protected":false},"author":2,"featured_media":9755,"comment_status":"open","ping_status":"open","sticky":false,"template":"","format":"standard","meta":{"_jetpack_memberships_contains_paid_content":false,"footnotes":"","jetpack_publicize_message":"","jetpack_publicize_feature_enabled":true,"jetpack_social_post_already_shared":false,"jetpack_social_options":{"image_generator_settings":{"template":"highway","default_image_id":0,"enabled":false},"version":2}},"categories":[6,1,2],"tags":[100,318,832,2188,4439],"class_list":["post-9754","post","type-post","status-publish","format-standard","has-post-thumbnail","hentry","category-cultura-entretenimiento","category-diario-armstrong","category-locales","tag-con","tag-festival","tag-grandes","tag-musical","tag-talentos"],"jetpack_publicize_connections":[],"jetpack_featured_media_url":"https:\/\/armstrongyregion.com.ar\/diario\/wp-content\/uploads\/2016\/09\/festival-25-09-16.jpg","jetpack_shortlink":"https:\/\/wp.me\/p62QDO-2xk","jetpack_sharing_enabled":true,"amp_enabled":true,"_links":{"self":[{"href":"https:\/\/armstrongyregion.com.ar\/diario\/wp-json\/wp\/v2\/posts\/9754","targetHints":{"allow":["GET"]}}],"collection":[{"href":"https:\/\/armstrongyregion.com.ar\/diario\/wp-json\/wp\/v2\/posts"}],"about":[{"href":"https:\/\/armstrongyregion.com.ar\/diario\/wp-json\/wp\/v2\/types\/post"}],"author":[{"embeddable":true,"href":"https:\/\/armstrongyregion.com.ar\/diario\/wp-json\/wp\/v2\/users\/2"}],"replies":[{"embeddable":true,"href":"https:\/\/armstrongyregion.com.ar\/diario\/wp-json\/wp\/v2\/comments?post=9754"}],"version-history":[{"count":0,"href":"https:\/\/armstrongyregion.com.ar\/diario\/wp-json\/wp\/v2\/posts\/9754\/revisions"}],"wp:featuredmedia":[{"embeddable":true,"href":"https:\/\/armstrongyregion.com.ar\/diario\/wp-json\/wp\/v2\/media\/9755"}],"wp:attachment":[{"href":"https:\/\/armstrongyregion.com.ar\/diario\/wp-json\/wp\/v2\/media?parent=9754"}],"wp:term":[{"taxonomy":"category","embeddable":true,"href":"https:\/\/armstrongyregion.com.ar\/diario\/wp-json\/wp\/v2\/categories?post=9754"},{"taxonomy":"post_tag","embeddable":true,"href":"https:\/\/armstrongyregion.com.ar\/diario\/wp-json\/wp\/v2\/tags?post=9754"}],"curies":[{"name":"wp","href":"https:\/\/api.w.org\/{rel}","templated":true}]}}