{"id":9724,"date":"2016-09-24T17:27:27","date_gmt":"2016-09-24T17:27:27","guid":{"rendered":"https:\/\/armstrongyregion.com.ar\/diario\/?p=9724"},"modified":"2016-09-24T17:29:17","modified_gmt":"2016-09-24T17:29:17","slug":"no-me-alcanza-el-tiempo-maria-damiani","status":"publish","type":"post","link":"https:\/\/armstrongyregion.com.ar\/diario\/no-me-alcanza-el-tiempo-maria-damiani\/","title":{"rendered":"\u00abNo me alcanza el tiempo\u00bb  Por Mar\u00eda Damiani."},"content":{"rendered":"<p><a href=\"http:\/\/armstrongyregion.com.ar\/diario\/wp-content\/uploads\/2016\/09\/Elizabeth-Santangelo-1.jpg\"><img loading=\"lazy\" decoding=\"async\" src=\"http:\/\/armstrongyregion.com.ar\/diario\/wp-content\/uploads\/2016\/09\/Elizabeth-Santangelo-1.jpg\" alt=\"elizabeth-santangelo\" width=\"768\" height=\"512\" class=\"alignnone size-full wp-image-9725\" srcset=\"https:\/\/armstrongyregion.com.ar\/diario\/wp-content\/uploads\/2016\/09\/Elizabeth-Santangelo-1.jpg 768w, https:\/\/armstrongyregion.com.ar\/diario\/wp-content\/uploads\/2016\/09\/Elizabeth-Santangelo-1-300x200.jpg 300w\" sizes=\"auto, (max-width: 768px) 100vw, 768px\" \/><\/a>\u00bfCu\u00e1ntas veces has dicho: \u201cQuisiera que el d\u00eda tuviera m\u00e1s horas\u201d?<\/p>\n<p>Se piensa que si habr\u00eda m\u00e1s horas, tal vez se lograr\u00eda hacer con menos presi\u00f3n todo aquello que queda pendiente, o se desea tener d\u00edas m\u00e1s cortos para que el ritmo de nuestra vida se desarrolle en pocas horas. \u00bfHay alguna soluci\u00f3n para esa presi\u00f3n del tiempo?<\/p>\n<p>Es indudable que la tecnolog\u00eda actual es de gran utilidad y ofrece comodidades. Pero por otro lado, los ordenadores, los m\u00f3viles y las tablets a veces aumentan la tensi\u00f3n y coartan el di\u00e1logo. Una comida compartida en un restaurante \u00faltimamente se interrumpe por el sonido continuo de los m\u00f3viles. Para muchas personas, las jornadas de trabajo se han intensificado y cada vez son m\u00e1s quienes sufren el agotamiento. Las muchas preocupaciones en unos casos llegan a afectar la calidad de vida y la salud. <\/p>\n<p>Mientras m\u00e1s prisa sienta una persona, m\u00e1s sentir\u00e1 que no le alcanza el tiempo.<\/p>\n<p>\u00bfC\u00f3mo gestionar el tiempo al comenzar el d\u00eda? Aqu\u00ed algunas sugerencias:<\/p>\n<p>\u25cf\tReconocer tu d\u00eda como una revelaci\u00f3n e inspiraci\u00f3n, como el desarrollo del plan divino.<br \/>\n\u25cf\tSaber que hay oportunidades y tiempo para realizar todas las cosas que se necesitan hacer.<br \/>\n\u25cf\tFocalizar las prioridades.<br \/>\n\u25cf\tConcentrarse en lo que est\u00e1 pr\u00f3ximo.<br \/>\n\u25cf\tDejar las distracciones como Facebook y otras redes sociales para cuando tengas tiempo disponible, a menos que las uses para tu empresa.<br \/>\n\u25cf\tEstar receptivo a todo lo bueno.<\/p>\n<p>En el best seller Ciencia y Salud con la Llave de las Escrituras, su autora define el d\u00eda como: \u201cLa irradiaci\u00f3n de la Vida; luz, la idea espiritual de la Verdad y el Amor. Los objetos del tiempo y del sentido desaparecen en la iluminaci\u00f3n de la comprensi\u00f3n espiritual, y la Mente mide el tiempo de acuerdo con el bien que es desarrollado\u201d.<\/p>\n<p>Comprender que no existen l\u00edmites para el desarrollo del bien nos capacita a ver lo bueno y a permitir que se manifieste en nuestra experiencia, incluso en nuestro trabajo.<\/p>\n<p>\u00bfQu\u00e9 horarios tienes en tu trabajo? La respuesta \u201ctrabajo de 9 a 5\u201d pareciera a veces referirse a algo tedioso y obligatorio.<\/p>\n<p>Es posible mejorar las condiciones del trabajo si se descubre que no es una obligaci\u00f3n, sino una oportunidad, un medio para crecer y expresar talentos y cualidades. De esta forma, podr\u00e1s enfocarte como un servicio necesario. Trabajar es expresar las capacidades interiores que provienen de la Realidad Suprema. Cuando se descubre la vinculaci\u00f3n con ella, uno se abre a esta presencia y vive como expresi\u00f3n de Dios.<\/p>\n<p>Me agrada la idea de Steve Jobs referente al trabajo: \u201cTu trabajo va a llenar gran parte de tu vida, y la \u00fanica forma de estar realmente satisfecho con \u00e9l es hacer lo que creas que es un gran trabajo. Y la \u00fanica manera de hacer un trabajo genial es amar lo que haces. Si no lo has encontrado, sigue buscando. No te detengas. Al igual que con todos los asuntos del coraz\u00f3n, lo sabr\u00e1s cuando lo encuentres.\u201d<\/p>\n<p>La mejor manera de llevar a cabo el trabajo es am\u00e1ndolo. El secreto para encontrar tiempo aunque con mucho trabajo es amar lo que hacemos.<\/p>\n<p>\u00a1Todos estamos al servicio del Amor!<\/p>\n<p>Mar\u00eda Damiani escribe acerca de la salud y el bienestar desde una perspectiva espiritual y es Comit\u00e9 de Publicaci\u00f3n de la Ciencia Cristiana en Espa\u00f1a. Email: spain@compub.org Twitter: @compubespana  Blog: http:\/\/saludyalegria.org<\/p>\n","protected":false},"excerpt":{"rendered":"<p>\u00bfCu\u00e1ntas veces has dicho: \u201cQuisiera que el d\u00eda tuviera m\u00e1s horas\u201d? Se piensa que si habr\u00eda m\u00e1s horas, tal vez se lograr\u00eda hacer con menos presi\u00f3n todo aquello que queda pendiente, o se desea tener d\u00edas m\u00e1s cortos para que el ritmo de nuestra vida se desarrolle en pocas horas. \u00bfHay alguna soluci\u00f3n para esa <a href=\"https:\/\/armstrongyregion.com.ar\/diario\/no-me-alcanza-el-tiempo-maria-damiani\/\" title=\"Read more\" >&#8230;<\/a><\/p>\n","protected":false},"author":2,"featured_media":9725,"comment_status":"open","ping_status":"open","sticky":false,"template":"","format":"standard","meta":{"_jetpack_memberships_contains_paid_content":false,"footnotes":"","jetpack_publicize_message":"","jetpack_publicize_feature_enabled":true,"jetpack_social_post_already_shared":false,"jetpack_social_options":{"image_generator_settings":{"template":"highway","default_image_id":0,"enabled":false},"version":2}},"categories":[1,2,4,3],"tags":[4429,906,16,322,924,96,3337],"class_list":["post-9724","post","type-post","status-publish","format-standard","has-post-thumbnail","hentry","category-diario-armstrong","category-locales","category-prevencion-salud","category-region","tag-alcanza","tag-damiani","tag-el","tag-maria","tag-me","tag-no","tag-tiempo"],"jetpack_publicize_connections":[],"jetpack_featured_media_url":"https:\/\/armstrongyregion.com.ar\/diario\/wp-content\/uploads\/2016\/09\/Elizabeth-Santangelo-1.jpg","jetpack_shortlink":"https:\/\/wp.me\/p62QDO-2wQ","jetpack_sharing_enabled":true,"amp_enabled":true,"_links":{"self":[{"href":"https:\/\/armstrongyregion.com.ar\/diario\/wp-json\/wp\/v2\/posts\/9724","targetHints":{"allow":["GET"]}}],"collection":[{"href":"https:\/\/armstrongyregion.com.ar\/diario\/wp-json\/wp\/v2\/posts"}],"about":[{"href":"https:\/\/armstrongyregion.com.ar\/diario\/wp-json\/wp\/v2\/types\/post"}],"author":[{"embeddable":true,"href":"https:\/\/armstrongyregion.com.ar\/diario\/wp-json\/wp\/v2\/users\/2"}],"replies":[{"embeddable":true,"href":"https:\/\/armstrongyregion.com.ar\/diario\/wp-json\/wp\/v2\/comments?post=9724"}],"version-history":[{"count":0,"href":"https:\/\/armstrongyregion.com.ar\/diario\/wp-json\/wp\/v2\/posts\/9724\/revisions"}],"wp:featuredmedia":[{"embeddable":true,"href":"https:\/\/armstrongyregion.com.ar\/diario\/wp-json\/wp\/v2\/media\/9725"}],"wp:attachment":[{"href":"https:\/\/armstrongyregion.com.ar\/diario\/wp-json\/wp\/v2\/media?parent=9724"}],"wp:term":[{"taxonomy":"category","embeddable":true,"href":"https:\/\/armstrongyregion.com.ar\/diario\/wp-json\/wp\/v2\/categories?post=9724"},{"taxonomy":"post_tag","embeddable":true,"href":"https:\/\/armstrongyregion.com.ar\/diario\/wp-json\/wp\/v2\/tags?post=9724"}],"curies":[{"name":"wp","href":"https:\/\/api.w.org\/{rel}","templated":true}]}}