{"id":9721,"date":"2016-09-24T17:22:29","date_gmt":"2016-09-24T17:22:29","guid":{"rendered":"https:\/\/armstrongyregion.com.ar\/diario\/?p=9721"},"modified":"2016-09-24T17:22:29","modified_gmt":"2016-09-24T17:22:29","slug":"armstrong-gran-festejo-por-el-dia-de-la-primavera","status":"publish","type":"post","link":"https:\/\/armstrongyregion.com.ar\/diario\/armstrong-gran-festejo-por-el-dia-de-la-primavera\/","title":{"rendered":"Armstrong. Gran festejo por el d\u00eda de la primavera."},"content":{"rendered":"<p><a href=\"http:\/\/armstrongyregion.com.ar\/diario\/wp-content\/uploads\/2016\/09\/PRIMAVERA-2016-1.jpg\"><img loading=\"lazy\" decoding=\"async\" src=\"http:\/\/armstrongyregion.com.ar\/diario\/wp-content\/uploads\/2016\/09\/PRIMAVERA-2016-1-1024x728.jpg\" alt=\"primavera-2016-1\" width=\"800\" height=\"569\" class=\"alignnone size-large wp-image-9722\" srcset=\"https:\/\/armstrongyregion.com.ar\/diario\/wp-content\/uploads\/2016\/09\/PRIMAVERA-2016-1-1024x728.jpg 1024w, https:\/\/armstrongyregion.com.ar\/diario\/wp-content\/uploads\/2016\/09\/PRIMAVERA-2016-1-300x213.jpg 300w\" sizes=\"auto, (max-width: 800px) 100vw, 800px\" \/><\/a>El mi\u00e9rcoles 21 de septiembre se vivi\u00f3 una tarde inolvidable en el Bracito Fuerte  por el d\u00eda del Estudiante y la llegada de la primavera, evento organizado por el Dpto. de Juventud del municipio y los centros de estudiantes de las escuelas secundarias.<br \/>\nGrupos de amigos, compa\u00f1eros de escuela y familias entera, disfrutaron de esta propuesta que cada a\u00f1o realiza el Dpto. de Juventud, con mucha m\u00fasica, juegos, animaci\u00f3n, y en esta oportunidad, una cabina fotogr\u00e1fica gratuita que plasm\u00f3 los felices momentos de los participantes de esta fiesta.<\/p>\n<p> El buffet trabaj\u00f3 a pleno desde el comienzo y, adquiriendo lo que all\u00ed ofrec\u00edan, el p\u00fablico colabor\u00f3 en la recaudaci\u00f3n de fondos de los centros de estudiantes de las Escuelas N\u00b0 33 y N\u00b0 51.<\/p>\n<p>No pod\u00eda faltar la elecci\u00f3n de la Reina. Este a\u00f1o la seleccionada es la Srta. Bel\u00e9n Bertoya y, como los hombres dejaron vacante el t\u00edtulo de Rey por decisi\u00f3n propia, se eligi\u00f3 como 1\u00b0 Princesa a la Srta. Luisina Andreoli.<\/p>\n<p>El Dpto. de Juventud  agradece p\u00fablicamente a todos los comercios locales que aportaron obsequios para entregar a los presentes: Angel\u00b4s Soul, Las 3 Estrellas, Lola Regaler\u00eda, Rosetti Deportes, Angelique, Sem\u00e1foro, Caledonia, Perfumer\u00eda Qu\u00e9 se Siente, Guapas, Flyp, Alma, Crazy, Si-Si, Envi\u00f3n Calzados, Akies Jeans, Librer\u00eda Roig, Afrodita y La Favorita, de Laura Ferrero.<\/p>\n","protected":false},"excerpt":{"rendered":"<p>El mi\u00e9rcoles 21 de septiembre se vivi\u00f3 una tarde inolvidable en el Bracito Fuerte por el d\u00eda del Estudiante y la llegada de la primavera, evento organizado por el Dpto. de Juventud del municipio y los centros de estudiantes de las escuelas secundarias. Grupos de amigos, compa\u00f1eros de escuela y familias entera, disfrutaron de esta <a href=\"https:\/\/armstrongyregion.com.ar\/diario\/armstrong-gran-festejo-por-el-dia-de-la-primavera\/\" title=\"Read more\" >&#8230;<\/a><\/p>\n","protected":false},"author":2,"featured_media":9722,"comment_status":"open","ping_status":"open","sticky":false,"template":"","format":"standard","meta":{"_jetpack_memberships_contains_paid_content":false,"footnotes":"","jetpack_publicize_message":"","jetpack_publicize_feature_enabled":true,"jetpack_social_post_already_shared":false,"jetpack_social_options":{"image_generator_settings":{"template":"highway","default_image_id":0,"enabled":false},"version":2}},"categories":[1,2,7,3],"tags":[20,19,793,16,1789,405,31,60,2793],"class_list":["post-9721","post","type-post","status-publish","format-standard","has-post-thumbnail","hentry","category-diario-armstrong","category-locales","category-politica","category-region","tag-armstrong","tag-de","tag-dia","tag-el","tag-festejo","tag-gran","tag-la","tag-por","tag-primavera"],"jetpack_publicize_connections":[],"jetpack_featured_media_url":"https:\/\/armstrongyregion.com.ar\/diario\/wp-content\/uploads\/2016\/09\/PRIMAVERA-2016-1.jpg","jetpack_shortlink":"https:\/\/wp.me\/p62QDO-2wN","jetpack_sharing_enabled":true,"amp_enabled":true,"_links":{"self":[{"href":"https:\/\/armstrongyregion.com.ar\/diario\/wp-json\/wp\/v2\/posts\/9721","targetHints":{"allow":["GET"]}}],"collection":[{"href":"https:\/\/armstrongyregion.com.ar\/diario\/wp-json\/wp\/v2\/posts"}],"about":[{"href":"https:\/\/armstrongyregion.com.ar\/diario\/wp-json\/wp\/v2\/types\/post"}],"author":[{"embeddable":true,"href":"https:\/\/armstrongyregion.com.ar\/diario\/wp-json\/wp\/v2\/users\/2"}],"replies":[{"embeddable":true,"href":"https:\/\/armstrongyregion.com.ar\/diario\/wp-json\/wp\/v2\/comments?post=9721"}],"version-history":[{"count":0,"href":"https:\/\/armstrongyregion.com.ar\/diario\/wp-json\/wp\/v2\/posts\/9721\/revisions"}],"wp:featuredmedia":[{"embeddable":true,"href":"https:\/\/armstrongyregion.com.ar\/diario\/wp-json\/wp\/v2\/media\/9722"}],"wp:attachment":[{"href":"https:\/\/armstrongyregion.com.ar\/diario\/wp-json\/wp\/v2\/media?parent=9721"}],"wp:term":[{"taxonomy":"category","embeddable":true,"href":"https:\/\/armstrongyregion.com.ar\/diario\/wp-json\/wp\/v2\/categories?post=9721"},{"taxonomy":"post_tag","embeddable":true,"href":"https:\/\/armstrongyregion.com.ar\/diario\/wp-json\/wp\/v2\/tags?post=9721"}],"curies":[{"name":"wp","href":"https:\/\/api.w.org\/{rel}","templated":true}]}}