{"id":9693,"date":"2016-09-22T15:45:36","date_gmt":"2016-09-22T15:45:36","guid":{"rendered":"https:\/\/armstrongyregion.com.ar\/diario\/?p=9693"},"modified":"2016-09-22T15:45:36","modified_gmt":"2016-09-22T15:45:36","slug":"armstrong-feria-de-colores-y-sabores-en-la-bracito-fuerte","status":"publish","type":"post","link":"https:\/\/armstrongyregion.com.ar\/diario\/armstrong-feria-de-colores-y-sabores-en-la-bracito-fuerte\/","title":{"rendered":"Armstrong, feria de Colores y Sabores en la Bracito Fuerte."},"content":{"rendered":"<p><a href=\"http:\/\/armstrongyregion.com.ar\/diario\/wp-content\/uploads\/2016\/09\/feria-25-septiembre-2016.jpg\"><img loading=\"lazy\" decoding=\"async\" src=\"http:\/\/armstrongyregion.com.ar\/diario\/wp-content\/uploads\/2016\/09\/feria-25-septiembre-2016-1024x718.jpg\" alt=\"feria-25-septiembre-2016\" width=\"800\" height=\"561\" class=\"alignnone size-large wp-image-9694\" srcset=\"https:\/\/armstrongyregion.com.ar\/diario\/wp-content\/uploads\/2016\/09\/feria-25-septiembre-2016-1024x718.jpg 1024w, https:\/\/armstrongyregion.com.ar\/diario\/wp-content\/uploads\/2016\/09\/feria-25-septiembre-2016-300x210.jpg 300w\" sizes=\"auto, (max-width: 800px) 100vw, 800px\" \/><\/a>El domingo 25 de septiembre vuelve a presentarse la Feria Sabores y Colores Locales en el parque Bracito Fuerte, a partir de las 15:30 hs. donde emprendedores de nuestra ciudad e invitados de localidades vecinas expondr\u00e1n sus trabajos.<\/p>\n<p>Esta feria ya se convirti\u00f3 en un paseo tradicional los domingos por la tarde donde, en cada presentaci\u00f3n, se suman nuevos integrantes a este grupo de artesanos que realizan diferentes art\u00edculos, gener\u00e1ndose as\u00ed una fuente de trabajo y proponiendo al p\u00fablico fortalecer el mercado local.<br \/>\nComo siempre, habr\u00e1 sorteos en los stands, servicio de buffet y, en esta oportunidad, la participaci\u00f3n de la Prof. Romina Carrillo para compartir un momento bailando zumba.<br \/>\nEn caso de lluvia, el evento se suspende.<\/p>\n","protected":false},"excerpt":{"rendered":"<p>El domingo 25 de septiembre vuelve a presentarse la Feria Sabores y Colores Locales en el parque Bracito Fuerte, a partir de las 15:30 hs. donde emprendedores de nuestra ciudad e invitados de localidades vecinas expondr\u00e1n sus trabajos. Esta feria ya se convirti\u00f3 en un paseo tradicional los domingos por la tarde donde, en cada <a href=\"https:\/\/armstrongyregion.com.ar\/diario\/armstrong-feria-de-colores-y-sabores-en-la-bracito-fuerte\/\" title=\"Read more\" >&#8230;<\/a><\/p>\n","protected":false},"author":2,"featured_media":9694,"comment_status":"open","ping_status":"open","sticky":false,"template":"","format":"standard","meta":{"_jetpack_memberships_contains_paid_content":false,"footnotes":"","jetpack_publicize_message":"","jetpack_publicize_feature_enabled":true,"jetpack_social_post_already_shared":false,"jetpack_social_options":{"image_generator_settings":{"template":"highway","default_image_id":0,"enabled":false},"version":2}},"categories":[6,1,2],"tags":[20,1336,19,1725,1335,13],"class_list":["post-9693","post","type-post","status-publish","format-standard","has-post-thumbnail","hentry","category-cultura-entretenimiento","category-diario-armstrong","category-locales","tag-armstrong","tag-colores","tag-de","tag-feria","tag-sabores","tag-y"],"jetpack_publicize_connections":[],"jetpack_featured_media_url":"https:\/\/armstrongyregion.com.ar\/diario\/wp-content\/uploads\/2016\/09\/feria-25-septiembre-2016.jpg","jetpack_shortlink":"https:\/\/wp.me\/p62QDO-2wl","jetpack_sharing_enabled":true,"amp_enabled":true,"_links":{"self":[{"href":"https:\/\/armstrongyregion.com.ar\/diario\/wp-json\/wp\/v2\/posts\/9693","targetHints":{"allow":["GET"]}}],"collection":[{"href":"https:\/\/armstrongyregion.com.ar\/diario\/wp-json\/wp\/v2\/posts"}],"about":[{"href":"https:\/\/armstrongyregion.com.ar\/diario\/wp-json\/wp\/v2\/types\/post"}],"author":[{"embeddable":true,"href":"https:\/\/armstrongyregion.com.ar\/diario\/wp-json\/wp\/v2\/users\/2"}],"replies":[{"embeddable":true,"href":"https:\/\/armstrongyregion.com.ar\/diario\/wp-json\/wp\/v2\/comments?post=9693"}],"version-history":[{"count":0,"href":"https:\/\/armstrongyregion.com.ar\/diario\/wp-json\/wp\/v2\/posts\/9693\/revisions"}],"wp:featuredmedia":[{"embeddable":true,"href":"https:\/\/armstrongyregion.com.ar\/diario\/wp-json\/wp\/v2\/media\/9694"}],"wp:attachment":[{"href":"https:\/\/armstrongyregion.com.ar\/diario\/wp-json\/wp\/v2\/media?parent=9693"}],"wp:term":[{"taxonomy":"category","embeddable":true,"href":"https:\/\/armstrongyregion.com.ar\/diario\/wp-json\/wp\/v2\/categories?post=9693"},{"taxonomy":"post_tag","embeddable":true,"href":"https:\/\/armstrongyregion.com.ar\/diario\/wp-json\/wp\/v2\/tags?post=9693"}],"curies":[{"name":"wp","href":"https:\/\/api.w.org\/{rel}","templated":true}]}}