{"id":9683,"date":"2016-09-22T04:19:34","date_gmt":"2016-09-22T04:19:34","guid":{"rendered":"https:\/\/armstrongyregion.com.ar\/diario\/?p=9683"},"modified":"2016-09-22T04:19:34","modified_gmt":"2016-09-22T04:19:34","slug":"gramigna-voy-a-trabajar-incansablemente-para-que-se-vuelvan-a-tratar-los-residuos-en-armstrong","status":"publish","type":"post","link":"https:\/\/armstrongyregion.com.ar\/diario\/gramigna-voy-a-trabajar-incansablemente-para-que-se-vuelvan-a-tratar-los-residuos-en-armstrong\/","title":{"rendered":"Gramigna: \u00abVoy a trabajar incansablemente para que se vuelvan a tratar los residuos en Armstrong\u00bb"},"content":{"rendered":"<p><a href=\"http:\/\/armstrongyregion.com.ar\/diario\/wp-content\/uploads\/2016\/03\/DSC_0659.jpg\"><img loading=\"lazy\" decoding=\"async\" src=\"http:\/\/armstrongyregion.com.ar\/diario\/wp-content\/uploads\/2016\/03\/DSC_0659-1024x683.jpg\" alt=\"Gramigna-Emiliano-\" width=\"800\" height=\"534\" class=\"alignnone size-large wp-image-6505\" srcset=\"https:\/\/armstrongyregion.com.ar\/diario\/wp-content\/uploads\/2016\/03\/DSC_0659-1024x683.jpg 1024w, https:\/\/armstrongyregion.com.ar\/diario\/wp-content\/uploads\/2016\/03\/DSC_0659-300x200.jpg 300w\" sizes=\"auto, (max-width: 800px) 100vw, 800px\" \/><\/a>As\u00ed manifest\u00f3 el Concejal Emiliano Gramigna al referirse a la respuesta a su pedido de informe sobre qu\u00e9 pol\u00edticas se iban a aplicar en el tratamiento de los residuos.<br \/>\nEl edil afirm\u00f3: \u00abLa gesti\u00f3n de Fischer lo abandon\u00f3 y a la gesti\u00f3n de Verdecchia no le import\u00f3 retomar el proyecto de divisi\u00f3n y tratamiento de residuos s\u00f3lidos domiciliarios, dejando a\u00f1os de trabajo que muchos hicimos para concientizar a los vecinos para que separen los residuos\u00bb<br \/>\nTambi\u00e9n agreg\u00f3, \u00abEs posible retomar esa iniciativa pero se necesita una decisi\u00f3n pol\u00edtica que hace tiempo parece no existir, es por eso que voy a trabajar incansablemente para que se vuelvan a tratar los residuos en Armstrong y se dejen de rellenar pozos con basura\u00bb<br \/>\nGramigna finaliz\u00f3, \u00abTenemos que poner a Armstrong nuevamente a la vanguardia de la pol\u00edtica ambiental que alguna vez tuvo y que por caprichos dirigenciales se abandonaron\u00bb.<\/p>\n","protected":false},"excerpt":{"rendered":"<p>As\u00ed manifest\u00f3 el Concejal Emiliano Gramigna al referirse a la respuesta a su pedido de informe sobre qu\u00e9 pol\u00edticas se iban a aplicar en el tratamiento de los residuos. El edil afirm\u00f3: \u00abLa gesti\u00f3n de Fischer lo abandon\u00f3 y a la gesti\u00f3n de Verdecchia no le import\u00f3 retomar el proyecto de divisi\u00f3n y tratamiento de <a href=\"https:\/\/armstrongyregion.com.ar\/diario\/gramigna-voy-a-trabajar-incansablemente-para-que-se-vuelvan-a-tratar-los-residuos-en-armstrong\/\" title=\"Read more\" >&#8230;<\/a><\/p>\n","protected":false},"author":2,"featured_media":9519,"comment_status":"open","ping_status":"open","sticky":false,"template":"","format":"standard","meta":{"_jetpack_memberships_contains_paid_content":false,"footnotes":"","jetpack_publicize_message":"","jetpack_publicize_feature_enabled":true,"jetpack_social_post_already_shared":false,"jetpack_social_options":{"image_generator_settings":{"template":"highway","default_image_id":0,"enabled":false},"version":2}},"categories":[1,2,7],"tags":[4423,979,731],"class_list":["post-9683","post","type-post","status-publish","format-standard","has-post-thumbnail","hentry","category-diario-armstrong","category-locales","category-politica","tag-domiciliarios","tag-gramigna","tag-residuos"],"jetpack_publicize_connections":[],"jetpack_featured_media_url":"https:\/\/armstrongyregion.com.ar\/diario\/wp-content\/uploads\/2016\/09\/Concejal-Gramigna-.jpg","jetpack_shortlink":"https:\/\/wp.me\/p62QDO-2wb","jetpack_sharing_enabled":true,"amp_enabled":true,"_links":{"self":[{"href":"https:\/\/armstrongyregion.com.ar\/diario\/wp-json\/wp\/v2\/posts\/9683","targetHints":{"allow":["GET"]}}],"collection":[{"href":"https:\/\/armstrongyregion.com.ar\/diario\/wp-json\/wp\/v2\/posts"}],"about":[{"href":"https:\/\/armstrongyregion.com.ar\/diario\/wp-json\/wp\/v2\/types\/post"}],"author":[{"embeddable":true,"href":"https:\/\/armstrongyregion.com.ar\/diario\/wp-json\/wp\/v2\/users\/2"}],"replies":[{"embeddable":true,"href":"https:\/\/armstrongyregion.com.ar\/diario\/wp-json\/wp\/v2\/comments?post=9683"}],"version-history":[{"count":0,"href":"https:\/\/armstrongyregion.com.ar\/diario\/wp-json\/wp\/v2\/posts\/9683\/revisions"}],"wp:featuredmedia":[{"embeddable":true,"href":"https:\/\/armstrongyregion.com.ar\/diario\/wp-json\/wp\/v2\/media\/9519"}],"wp:attachment":[{"href":"https:\/\/armstrongyregion.com.ar\/diario\/wp-json\/wp\/v2\/media?parent=9683"}],"wp:term":[{"taxonomy":"category","embeddable":true,"href":"https:\/\/armstrongyregion.com.ar\/diario\/wp-json\/wp\/v2\/categories?post=9683"},{"taxonomy":"post_tag","embeddable":true,"href":"https:\/\/armstrongyregion.com.ar\/diario\/wp-json\/wp\/v2\/tags?post=9683"}],"curies":[{"name":"wp","href":"https:\/\/api.w.org\/{rel}","templated":true}]}}