{"id":9674,"date":"2016-09-22T03:36:32","date_gmt":"2016-09-22T03:36:32","guid":{"rendered":"https:\/\/armstrongyregion.com.ar\/diario\/?p=9674"},"modified":"2016-09-22T03:36:32","modified_gmt":"2016-09-22T03:36:32","slug":"gloria-alvarez-y-axel-kaiser-presentaron-su-libro-en-la-fundacion-nova","status":"publish","type":"post","link":"https:\/\/armstrongyregion.com.ar\/diario\/gloria-alvarez-y-axel-kaiser-presentaron-su-libro-en-la-fundacion-nova\/","title":{"rendered":"Gloria Alvarez y Axel Kaiser presentaron su libro en la Fundacion Nova."},"content":{"rendered":"<p><a href=\"http:\/\/armstrongyregion.com.ar\/diario\/wp-content\/uploads\/2016\/09\/Nova-1.jpg\"><img loading=\"lazy\" decoding=\"async\" src=\"http:\/\/armstrongyregion.com.ar\/diario\/wp-content\/uploads\/2016\/09\/Nova-1.jpg\" alt=\"nova-1\" width=\"768\" height=\"568\" class=\"alignnone size-full wp-image-9675\" srcset=\"https:\/\/armstrongyregion.com.ar\/diario\/wp-content\/uploads\/2016\/09\/Nova-1.jpg 768w, https:\/\/armstrongyregion.com.ar\/diario\/wp-content\/uploads\/2016\/09\/Nova-1-300x222.jpg 300w\" sizes=\"auto, (max-width: 768px) 100vw, 768px\" \/><\/a>La reconocida polit\u00f3loga guatemalteca y el escritor chileno disertaron sobre \u201cEl Enga\u00f1o Populista\u201d. Luego se desarroll\u00f3 un enriquecedor debate.<\/p>\n<p>FUENTE: PERIODICO EL INFORME DE LA CIUDAD (CA\u00d1ADA DE GOMEZ)<\/p>\n<p>La jornada estuvo encabezada por el presidente de la empresa Nova S.A. Carlo Piva y todo su personal de trabajo. Previo a la charla-debate, se llev\u00f3 a cabo un agasajo con mesas dulces y saladas, refrescos y cafeter\u00eda. Estuvieron presentes adem\u00e1s funcionarios, amigos, empresarios y distintos medios de comunicaci\u00f3n de la ciudad.<br \/>\nDicho encuentro comenz\u00f3 con una exposici\u00f3n de los disertantes sobre la mencionada obra literaria: un ensayo sobre el Populismo del siglo XXI y sus diferentes facetas y modelos. Para luego ser disparador de un debate denominado: \u201cEl Populismo ama tanto a los pobres, que los multiplica\u201d.<br \/>\nA sala llena la audiencia escuch\u00f3 con atenci\u00f3n a los autores de la obra que abrieron debate luego de la alocuci\u00f3n, a micr\u00f3fono abierto. En un clima de respeto y empat\u00eda Alvarez y Kaiser generaron en el p\u00fablico sorpresa, afirmaci\u00f3n y hasta cuestionamientos que a\u00fan sobrevuelan en el inconsciente colectivo de toda Am\u00e9rica Latina.<br \/>\n\u201cLas caracter\u00edsticas principales que lleva a cabo el populismo es mediante un discurso que divide a la sociedad en dos: PUEBLO Y ANTIPUEBLO\u201d afirm\u00f3 Gloria Alvarez como una de sus frases de cabecera.<br \/>\nAl inicio de las declaraciones Axel Kaiser analiz\u00f3 a la Argentina de ayer y de hoy, tras basarse en una pregunta que le hab\u00edan hecho algunas personas presentes.<br \/>\n\u201c\u00bfQu\u00e9 nos pas\u00f3 a las argentinos, preguntaban por ah\u00ed? Si habr\u00eda que buscar una sola palabra, como para simplificar un poco el argumento, se llama Per\u00f3n\u2026 el peronismo. En cualquier an\u00e1lisis serio, si ustedes van a las mejores universidades del mundo, los acad\u00e9micos m\u00e1s serios examinan el fen\u00f3meno peronista y las consecuencias devastadoras que tuvo. Desde el punto de vista institucional peor todav\u00eda y desde el punto de vista moral tambi\u00e9n hay consecuencias porque uno se acostumbra al populismo como un h\u00e1bito de vida, como un forma de relacionarse con los dem\u00e1s y con el poder\u2026\u201d asegur\u00f3 Kaiser.<br \/>\nY continu\u00f3 diciendo: \u201cmientras eso no cambie, entonces no va a ver ninguna manera de superar el problema. Celebro al presidente Macri (no soy partidario del presidente Macri) que sea el primer presidente en Am\u00e9rica Latina (despu\u00e9s Uribe) en hablar en\u00e9rgicamente en contra de esa dictadura de narcotraficantes en Venezuela, porque eso es lo que es. No estoy diciendo nada que no haya salido en la prensa mundial, no lo estoy descalificando, estoy repitiendo lo que dicen los diarios m\u00e1s importantes del mundo, no son palabras m\u00edas. Los sobrinos de Maduro est\u00e1n metidos en el narcotr\u00e1fico, todo el mundo sabe que los generales de Venezuela est\u00e1n metidos en el narcotr\u00e1fico y es una dictadura porque no hay separaci\u00f3n de poderes y es una de las cat\u00e1strofes humanitarias hoy m\u00e1s relevantes de los \u00faltimos cincuenta a\u00f1os\u201d.<br \/>\nPor su parte Gloria Alvarez dej\u00f3 at\u00f3nitos a los espectadores, tanto aquellos que coinciden con sus palabras como aquellos que no lo hacen, porque la famosa polit\u00f3loga despert\u00f3 en la audiencia un clima de debate que seguro continuar\u00e1 los pr\u00f3ximos d\u00edas en la cotidianeidad de nuestra comunidad, cuando habl\u00f3 sobre el supuesto final del Populismo.<br \/>\nDijo Gloria \u00c1lvarez: \u201cla verdad es que todo est\u00e1 en tomar una decisi\u00f3n, en hacerle caso al sentido com\u00fan y no en seguir repitiendo los errores del pasado. Eso requiere lectura, requiera desempolvar a Alberdi, ver alg\u00fan que otro documental y si tienen la duda v\u00e1yanse a los pa\u00edses socialistas. Vayan a visitar a los exsovi\u00e9ticos si pueden, a Cuba o a Venezuela pero no a \u2018cancunear\u2019 a los hoteles cinco estrellas, que eso le da dinero a Castro. V\u00e1yanse a ver los barrios donde realmente no los van a dejar pasar, qu\u00edtense las dudas, que nadie m\u00e1s se las puede quitar. Lo cierto es que tomar una decisi\u00f3n \u00bfCu\u00e1nto tiempo lleva? \u00bfCu\u00e1nto tiempo le lleva a una mujer levantarse a la ma\u00f1ana abrir el closet y decidir que se va a poner? Cinco minutos, quince, una hora, dos horas\u2026 \u00bfCu\u00e1nto tiempo le toma a un hombre al ir por la ruta, voy por ac\u00e1 o me voy por all\u00e1?&#8230;el acto de tomar una decisi\u00f3n es instant\u00e1neo\u2026\u201d<br \/>\n\u201cCreo que el Populismo se va a acabar en el momento que en que una buena proporci\u00f3n, no de mayor\u00eda porque no se necesitan las masas realmente para cambiar a una sociedad, pueda cambiar. Entonces cuando hay una buena proporci\u00f3n de una minor\u00eda que est\u00e9 dispuesta a tomar las decisiones que se deben tomar, entonces es ah\u00ed donde el Populismo se va a acabar, pero no es cuesti\u00f3n de tiempo, es cuesti\u00f3n de voluntad y lo que tenemos que entender es que de la \u00fanica voluntad sobre la que tenemos decisi\u00f3n es sobre la nuestra. No se puede cambiar la mentalidad de nadie, ni siquiera con una pistola\u2026\u201d culmin\u00f3 Gloria Alvarez ante una audiencia atenta que aplaudi\u00f3 firmemente. Luego de la charla-debate, los autores autografiaron libros al p\u00fablico presente que colm\u00f3 la sala de Fundaci\u00f3n Nova.<\/p>\n","protected":false},"excerpt":{"rendered":"<p>La reconocida polit\u00f3loga guatemalteca y el escritor chileno disertaron sobre \u201cEl Enga\u00f1o Populista\u201d. Luego se desarroll\u00f3 un enriquecedor debate. FUENTE: PERIODICO EL INFORME DE LA CIUDAD (CA\u00d1ADA DE GOMEZ) La jornada estuvo encabezada por el presidente de la empresa Nova S.A. Carlo Piva y todo su personal de trabajo. Previo a la charla-debate, se llev\u00f3 <a href=\"https:\/\/armstrongyregion.com.ar\/diario\/gloria-alvarez-y-axel-kaiser-presentaron-su-libro-en-la-fundacion-nova\/\" title=\"Read more\" >&#8230;<\/a><\/p>\n","protected":false},"author":2,"featured_media":9675,"comment_status":"open","ping_status":"open","sticky":false,"template":"","format":"standard","meta":{"_jetpack_memberships_contains_paid_content":false,"footnotes":"","jetpack_publicize_message":"","jetpack_publicize_feature_enabled":true,"jetpack_social_post_already_shared":false,"jetpack_social_options":{"image_generator_settings":{"template":"highway","default_image_id":0,"enabled":false},"version":2}},"categories":[6,1,2,3],"tags":[2076,3843],"class_list":["post-9674","post","type-post","status-publish","format-standard","has-post-thumbnail","hentry","category-cultura-entretenimiento","category-diario-armstrong","category-locales","category-region","tag-fundacion","tag-nova"],"jetpack_publicize_connections":[],"jetpack_featured_media_url":"https:\/\/armstrongyregion.com.ar\/diario\/wp-content\/uploads\/2016\/09\/Nova-1.jpg","jetpack_shortlink":"https:\/\/wp.me\/p62QDO-2w2","jetpack_sharing_enabled":true,"amp_enabled":true,"_links":{"self":[{"href":"https:\/\/armstrongyregion.com.ar\/diario\/wp-json\/wp\/v2\/posts\/9674","targetHints":{"allow":["GET"]}}],"collection":[{"href":"https:\/\/armstrongyregion.com.ar\/diario\/wp-json\/wp\/v2\/posts"}],"about":[{"href":"https:\/\/armstrongyregion.com.ar\/diario\/wp-json\/wp\/v2\/types\/post"}],"author":[{"embeddable":true,"href":"https:\/\/armstrongyregion.com.ar\/diario\/wp-json\/wp\/v2\/users\/2"}],"replies":[{"embeddable":true,"href":"https:\/\/armstrongyregion.com.ar\/diario\/wp-json\/wp\/v2\/comments?post=9674"}],"version-history":[{"count":0,"href":"https:\/\/armstrongyregion.com.ar\/diario\/wp-json\/wp\/v2\/posts\/9674\/revisions"}],"wp:featuredmedia":[{"embeddable":true,"href":"https:\/\/armstrongyregion.com.ar\/diario\/wp-json\/wp\/v2\/media\/9675"}],"wp:attachment":[{"href":"https:\/\/armstrongyregion.com.ar\/diario\/wp-json\/wp\/v2\/media?parent=9674"}],"wp:term":[{"taxonomy":"category","embeddable":true,"href":"https:\/\/armstrongyregion.com.ar\/diario\/wp-json\/wp\/v2\/categories?post=9674"},{"taxonomy":"post_tag","embeddable":true,"href":"https:\/\/armstrongyregion.com.ar\/diario\/wp-json\/wp\/v2\/tags?post=9674"}],"curies":[{"name":"wp","href":"https:\/\/api.w.org\/{rel}","templated":true}]}}