{"id":9669,"date":"2016-09-21T19:13:27","date_gmt":"2016-09-21T19:13:27","guid":{"rendered":"https:\/\/armstrongyregion.com.ar\/diario\/?p=9669"},"modified":"2016-09-21T19:13:27","modified_gmt":"2016-09-21T19:13:27","slug":"canada-de-gomez-abandono-de-la-terminal-de-omnibus","status":"publish","type":"post","link":"https:\/\/armstrongyregion.com.ar\/diario\/canada-de-gomez-abandono-de-la-terminal-de-omnibus\/","title":{"rendered":"Ca\u00f1ada de G\u00f3mez. Abandono de la Terminal de \u00d3mnibus."},"content":{"rendered":"<p><a href=\"http:\/\/armstrongyregion.com.ar\/diario\/wp-content\/uploads\/2016\/09\/Terminal.jpg\"><img loading=\"lazy\" decoding=\"async\" src=\"http:\/\/armstrongyregion.com.ar\/diario\/wp-content\/uploads\/2016\/09\/Terminal.jpg\" alt=\"terminal\" width=\"768\" height=\"576\" class=\"alignnone size-full wp-image-9670\" srcset=\"https:\/\/armstrongyregion.com.ar\/diario\/wp-content\/uploads\/2016\/09\/Terminal.jpg 768w, https:\/\/armstrongyregion.com.ar\/diario\/wp-content\/uploads\/2016\/09\/Terminal-300x225.jpg 300w\" sizes=\"auto, (max-width: 768px) 100vw, 768px\" \/><\/a>\u201cTODO SE VIENE ABAJO, NO HAY SEGURIDAD Y LA GENTE NO TIENE DONDE RESGUARDARSE\u201d<\/p>\n<p>As\u00ed lo expresaron los responsables de las empresas que prestan el servicio de transporte de pasajeros. En di\u00e1logo con El Informe reclamaron soluciones urgentes para una mejor calidad de atenci\u00f3n a todos los pasajeros.<\/p>\n<p>FUENTE: PERIODICO EL INFORME DE LA CIUDAD (CA\u00d1ADA DE GOMEZ)<\/p>\n<p>La Estaci\u00f3n de \u00d3mnibus de nuestra ciudad, actualmente ubicada en el sector comprendido entre las calles San Mart\u00edn, Suipacha, Primera Junta e Ituzaing\u00f3, ha sido desde tiempos inmemorables tema de debate y controversias, tanto en el \u00e1mbito pol\u00edtico como en el sector social. En los \u00faltimos meses pudimos notar fuertes reformas en las instalaciones. Se restringi\u00f3 el acceso por algunos sectores y se colocaron paredes de fibra de madera en la entrada principal. El cielorraso contin\u00faa en muy mal estado, y todo el lugar se asemeja a un edificio en ruinas. La nomenclatura que hasta hace pocos d\u00edas ten\u00eda faltantes de algunas letras, un grupo de operarios municipales montados en un cami\u00f3n elevador se encargaron de quitarlas en su totalidad dejando a\u00fan m\u00e1s notorio su estado de dejadez extrema.<br \/>\nEn esta oportunidad dialogamos con Sonia Moncada y Emiliano Ben\u00edtez, responsables de las empresas de trasporte de pasajeros Monticas y General Urquiza respectivamente, quienes dieron su testimonio y nos comentaron acerca del estado actual del predio.<\/p>\n<p>ABANDONO<br \/>\n\u201cEst\u00e1 bastante deteriorada, todo se viene abajo, no hay seguridad y la gente no tiene lugar donde resguardarse para esperar el colectivo. Trabajamos todos muy inc\u00f3modos, se nota en la atenci\u00f3n, porque algunos al trabajar inc\u00f3modos, no presentan mucha paciencia para todo\u201d coment\u00f3 Emiliano.<br \/>\nSonia agreg\u00f3: \u201cadem\u00e1s de la inseguridad, la gente no tiene referencia de qu\u00e9 empresa le est\u00e1 cobrando el boleto porque no hay carteles. El Centro Econ\u00f3mico tiene contrato con otras personas, a quienes les da el espacio para esas empresas, entonces nosotros no podemos poner carteler\u00eda sobre nuestras empresas. Adem\u00e1s ya nos robaron y hubo otro intento de robo hace poquito ac\u00e1 en la boleter\u00eda\u2026\u201d<br \/>\nEmiliano aport\u00f3: \u201ctuvimos que hacernos cargo de las c\u00e1maras de seguridad de nuestro local porque nadie nos ayud\u00f3 en nada. Nos mudaron de un lugar que relativamente est\u00e1bamos c\u00f3modos, a un lugar inc\u00f3modo y nos tuvimos que hacer cargo nosotros de la mudanza y de la instalaci\u00f3n el\u00e9ctrica porque no hab\u00eda medidor, apliques, mostradores, rejas\u2026\u201d<br \/>\nNo hay un sitio acorde para que los usuarios puedan resguardarse del azotamiento clim\u00e1tico, adem\u00e1s de varios riesgos sobre el estado que presenta el edificio. \u201cPor ejemplo, el otro d\u00eda llov\u00eda y estaba la entrada al local de la empresa de telefon\u00eda cerrada (que era la puerta principal del hall central de dicha estaci\u00f3n) porque el due\u00f1o estaba de vacaciones y para evitar los robos esa puerta se deja cerrada\u2026 y las personas empapadas porque la lluvia era con viento\u2026 adem\u00e1s de mojarse todos los usuarios, el fr\u00edo que los castigaba\u201d expres\u00f3 Sonia.<br \/>\n\u201cLa gente viene irritada, adem\u00e1s de estar pasando un mal momento ah\u00ed afuera. Un colectivo viene con 10 minutos de demora (que es algo normal porque no todos los d\u00edas las rutas son iguales). Nos generan problemas a nosotros pero nosotros tambi\u00e9n trabajamos inc\u00f3modos y esto es cada vez peor. Trabajamos en un ambiente malo de los dos lados\u201d a\u00f1adi\u00f3 Ben\u00edtez.<br \/>\nMoncada coment\u00f3 al respecto: \u201cla empresa nos contrata justamente para que tratemos de brindar lo mejor a los pasajeros, y si la empresa viene y ve una Terminal en donde no hay carteles, las oficinas son inc\u00f3modas, los pasajeros est\u00e1n molestos, la empresa nos va advirtiendo de buscar otra opci\u00f3n para otorgarle la concesi\u00f3n en otro lugar u otro tipo de opciones\u201d.<br \/>\n\u201cLe da va a dar prioridad a otros lados, o sea, si ve que Las Parejas tiene una terminal mucho m\u00e1s importante\u2026 es como la presentaci\u00f3n de la ciudad. Si vos ves que una ciudad tiene una buena terminal es como que va a servir para tener m\u00e1s colectivos, m\u00e1s refuerzos porque la empresa no viene todos los d\u00edas a ver si hay mucha gente o no, mira si la ciudad es grande, si tiene buena Terminal para ver si apuesta a futuro\u201d inform\u00f3 uno de los responsables de las empresas de transporte.<\/p>\n<p>RESPUESTAS<br \/>\nTambi\u00e9n consultamos a Ben\u00edtez y Moncada sobre las respuestas tanto de las autoridades municipales como las del Centro Econ\u00f3mico de la ciudad. Emiliano Ben\u00edtez respondi\u00f3: \u201ccada uno tiene su postura y no cede ninguna de las partes. Nunca nos podemos reunir las tres partes como para que nadie se tire la pelota unos con otros\u201d.<br \/>\nPor \u00faltimo, le preguntamos a Sonia y Emiliano sobre su estado de \u00e1nimo y c\u00f3mo sobrellevan esta situaci\u00f3n con todas las quejas y reclamos. \u201cNos sentimos mal, sinceramente mal porque es como que nos dejan de lado, otros lugares est\u00e1n bastante bien y la Terminal es como que est\u00e1 olvidada. Tratamos de brindar siempre un buen servicio y ahora es mucha la gente que ve esto\u2026queda mal una Terminal as\u00ed\u201d indic\u00f3 Sonia.<\/p>\n<p>LA MUNICIPALIDAD<br \/>\nLuego hacer de p\u00fablicas las demandas por el mal estado y la desidia que presenta el lugar Sonia y Emiliano recibieron un llamado desde el Departamento Ejecutivo en descontento por lo que los j\u00f3venes hab\u00edan dicho al respecto. Cont\u00f3 Sonia a El Informe: \u201cincluso hubo un llamado de parte de la intendenta m\u00e1s que nada hac\u00eda Emiliano, recriminando por lo que hab\u00edamos estado hablando sobre este tema y es como que no le cay\u00f3 bien\u2026\u201d.<br \/>\n\u201cLa idea es no hablar por criticar, sino esperar una soluci\u00f3n. No quiero criticar, ni hago pol\u00edtica sino que la idea es tratar de buscar una soluci\u00f3n. Tampoco nadie nos informa como para decirnos al menos que tengamos paciencia y en unos meses hay respuestas o acciones pero ac\u00e1 estamos a la deriva. No sabemos si ma\u00f1ana viene el Centro Econ\u00f3mico y nos cierra las puertas como nos hizo en los locales anteriores\u201d concluy\u00f3 Emiliano.<\/p>\n<p>CONTRATOS<br \/>\nTanto los convenios firmados entre el Centro Econ\u00f3mico con la Municipalidad, como con las empresas de transporte, se encuentran caducos. En tanto que el Centro Econ\u00f3mico sostiene estos convenios de \u201cpalabra\u201d simplemente porque pretende esperar a que se encuentre una soluci\u00f3n inmediata para este tema que mantiene en vilo a toda la comunidad. As\u00ed, todo se halla en absoluto estado de irregularidad, precariedad e ineficiencia por parte de las autoridades y responsables.<\/p>\n","protected":false},"excerpt":{"rendered":"<p>\u201cTODO SE VIENE ABAJO, NO HAY SEGURIDAD Y LA GENTE NO TIENE DONDE RESGUARDARSE\u201d As\u00ed lo expresaron los responsables de las empresas que prestan el servicio de transporte de pasajeros. En di\u00e1logo con El Informe reclamaron soluciones urgentes para una mejor calidad de atenci\u00f3n a todos los pasajeros. FUENTE: PERIODICO EL INFORME DE LA CIUDAD <a href=\"https:\/\/armstrongyregion.com.ar\/diario\/canada-de-gomez-abandono-de-la-terminal-de-omnibus\/\" title=\"Read more\" >&#8230;<\/a><\/p>\n","protected":false},"author":2,"featured_media":9670,"comment_status":"open","ping_status":"open","sticky":false,"template":"","format":"standard","meta":{"_jetpack_memberships_contains_paid_content":false,"footnotes":"","jetpack_publicize_message":"","jetpack_publicize_feature_enabled":true,"jetpack_social_post_already_shared":false,"jetpack_social_options":{"image_generator_settings":{"template":"highway","default_image_id":0,"enabled":false},"version":2}},"categories":[1,2,3],"tags":[4419,163,19,15,164,1150,3283],"class_list":["post-9669","post","type-post","status-publish","format-standard","has-post-thumbnail","hentry","category-diario-armstrong","category-locales","category-region","tag-abandono","tag-canada","tag-de","tag-en","tag-gomez","tag-omnibus","tag-terminal"],"jetpack_publicize_connections":[],"jetpack_featured_media_url":"https:\/\/armstrongyregion.com.ar\/diario\/wp-content\/uploads\/2016\/09\/Terminal.jpg","jetpack_shortlink":"https:\/\/wp.me\/p62QDO-2vX","jetpack_sharing_enabled":true,"amp_enabled":true,"_links":{"self":[{"href":"https:\/\/armstrongyregion.com.ar\/diario\/wp-json\/wp\/v2\/posts\/9669","targetHints":{"allow":["GET"]}}],"collection":[{"href":"https:\/\/armstrongyregion.com.ar\/diario\/wp-json\/wp\/v2\/posts"}],"about":[{"href":"https:\/\/armstrongyregion.com.ar\/diario\/wp-json\/wp\/v2\/types\/post"}],"author":[{"embeddable":true,"href":"https:\/\/armstrongyregion.com.ar\/diario\/wp-json\/wp\/v2\/users\/2"}],"replies":[{"embeddable":true,"href":"https:\/\/armstrongyregion.com.ar\/diario\/wp-json\/wp\/v2\/comments?post=9669"}],"version-history":[{"count":0,"href":"https:\/\/armstrongyregion.com.ar\/diario\/wp-json\/wp\/v2\/posts\/9669\/revisions"}],"wp:featuredmedia":[{"embeddable":true,"href":"https:\/\/armstrongyregion.com.ar\/diario\/wp-json\/wp\/v2\/media\/9670"}],"wp:attachment":[{"href":"https:\/\/armstrongyregion.com.ar\/diario\/wp-json\/wp\/v2\/media?parent=9669"}],"wp:term":[{"taxonomy":"category","embeddable":true,"href":"https:\/\/armstrongyregion.com.ar\/diario\/wp-json\/wp\/v2\/categories?post=9669"},{"taxonomy":"post_tag","embeddable":true,"href":"https:\/\/armstrongyregion.com.ar\/diario\/wp-json\/wp\/v2\/tags?post=9669"}],"curies":[{"name":"wp","href":"https:\/\/api.w.org\/{rel}","templated":true}]}}