{"id":9663,"date":"2016-09-21T19:04:29","date_gmt":"2016-09-21T19:04:29","guid":{"rendered":"https:\/\/armstrongyregion.com.ar\/diario\/?p=9663"},"modified":"2016-09-21T19:04:29","modified_gmt":"2016-09-21T19:04:29","slug":"armstrong-24-de-septiembre-gran-festival-artistico-musical","status":"publish","type":"post","link":"https:\/\/armstrongyregion.com.ar\/diario\/armstrong-24-de-septiembre-gran-festival-artistico-musical\/","title":{"rendered":"Armstrong. 24 de septiembre: Gran festival art\u00edstico musical."},"content":{"rendered":"<p><a href=\"http:\/\/armstrongyregion.com.ar\/diario\/wp-content\/uploads\/2016\/09\/festival-24-sept-1.jpg\"><img loading=\"lazy\" decoding=\"async\" src=\"http:\/\/armstrongyregion.com.ar\/diario\/wp-content\/uploads\/2016\/09\/festival-24-sept-1-1024x721.jpg\" alt=\"festival-24-sept-1\" width=\"800\" height=\"563\" class=\"alignnone size-large wp-image-9664\" srcset=\"https:\/\/armstrongyregion.com.ar\/diario\/wp-content\/uploads\/2016\/09\/festival-24-sept-1-1024x721.jpg 1024w, https:\/\/armstrongyregion.com.ar\/diario\/wp-content\/uploads\/2016\/09\/festival-24-sept-1-300x211.jpg 300w\" sizes=\"auto, (max-width: 800px) 100vw, 800px\" \/><\/a>La Municipalidad de Armstrong invita al gran festival art\u00edstico musical que se realizar\u00e1 el s\u00e1bado 24 de septiembre desde las 19:30 hs. en la Estaci\u00f3n M\u00e1s, organizado por el Coro de Adultos del Conservatorio de M\u00fasica \u201cEnzo Vacchino\u201d.<br \/>\nLos artistas invitados que colaborar\u00e1n y estar\u00e1n sobre el escenario son: grupo de danzas latinoamericanas Warmi dirigido por la Prof. Soledad G\u00f3mez, grupo de danzas Bemba Color\u00e1 dirigido por el Prof. Mauricio Verstraete, la cantante parejense Magal\u00ed Gonz\u00e1lez Corpacci, Cristian Guzm\u00e1n, Eva Ardizone, Luciana Viotto, grupo \u201cPrimer D\u00eda\u201d integrado por Leandro Baggio, Javier M\u00e1rquez y Guillermo Godoy, Andrea &#038; Raisa, Gianella Bertello, Mar\u00eda Vistoria Romoli, y Ozme GM.<\/p>\n<p> En el d\u00eda de la Virgen de la Merced, Virgen Patrona de nuestra ciudad, se llevar\u00e1 a cabo esta fiesta de la m\u00fasica con el objetivo de recaudar fondos destinados a la adquisici\u00f3n de la indumentaria que los integrantes del grupo necesitan vestir en los importantes eventos nacionales e internacionales que ya tienen confirmados hasta febrero de 2018. <\/p>\n<p>La entrada es libre y gratuita, habr\u00e1 servicio de buffet. S\u00f3lo se cobrar\u00e1 la silla a $ 20. <\/p>\n","protected":false},"excerpt":{"rendered":"<p>La Municipalidad de Armstrong invita al gran festival art\u00edstico musical que se realizar\u00e1 el s\u00e1bado 24 de septiembre desde las 19:30 hs. en la Estaci\u00f3n M\u00e1s, organizado por el Coro de Adultos del Conservatorio de M\u00fasica \u201cEnzo Vacchino\u201d. Los artistas invitados que colaborar\u00e1n y estar\u00e1n sobre el escenario son: grupo de danzas latinoamericanas Warmi dirigido <a href=\"https:\/\/armstrongyregion.com.ar\/diario\/armstrong-24-de-septiembre-gran-festival-artistico-musical\/\" title=\"Read more\" >&#8230;<\/a><\/p>\n","protected":false},"author":2,"featured_media":9664,"comment_status":"open","ping_status":"open","sticky":false,"template":"","format":"standard","meta":{"_jetpack_memberships_contains_paid_content":false,"footnotes":"","jetpack_publicize_message":"","jetpack_publicize_feature_enabled":true,"jetpack_social_post_already_shared":false,"jetpack_social_options":{"image_generator_settings":{"template":"highway","default_image_id":0,"enabled":false},"version":2}},"categories":[6,1,2],"tags":[20,4418,318,405,524],"class_list":["post-9663","post","type-post","status-publish","format-standard","has-post-thumbnail","hentry","category-cultura-entretenimiento","category-diario-armstrong","category-locales","tag-armstrong","tag-artistico","tag-festival","tag-gran","tag-municipal"],"jetpack_publicize_connections":[],"jetpack_featured_media_url":"https:\/\/armstrongyregion.com.ar\/diario\/wp-content\/uploads\/2016\/09\/festival-24-sept-1.jpg","jetpack_shortlink":"https:\/\/wp.me\/p62QDO-2vR","jetpack_sharing_enabled":true,"amp_enabled":true,"_links":{"self":[{"href":"https:\/\/armstrongyregion.com.ar\/diario\/wp-json\/wp\/v2\/posts\/9663","targetHints":{"allow":["GET"]}}],"collection":[{"href":"https:\/\/armstrongyregion.com.ar\/diario\/wp-json\/wp\/v2\/posts"}],"about":[{"href":"https:\/\/armstrongyregion.com.ar\/diario\/wp-json\/wp\/v2\/types\/post"}],"author":[{"embeddable":true,"href":"https:\/\/armstrongyregion.com.ar\/diario\/wp-json\/wp\/v2\/users\/2"}],"replies":[{"embeddable":true,"href":"https:\/\/armstrongyregion.com.ar\/diario\/wp-json\/wp\/v2\/comments?post=9663"}],"version-history":[{"count":0,"href":"https:\/\/armstrongyregion.com.ar\/diario\/wp-json\/wp\/v2\/posts\/9663\/revisions"}],"wp:featuredmedia":[{"embeddable":true,"href":"https:\/\/armstrongyregion.com.ar\/diario\/wp-json\/wp\/v2\/media\/9664"}],"wp:attachment":[{"href":"https:\/\/armstrongyregion.com.ar\/diario\/wp-json\/wp\/v2\/media?parent=9663"}],"wp:term":[{"taxonomy":"category","embeddable":true,"href":"https:\/\/armstrongyregion.com.ar\/diario\/wp-json\/wp\/v2\/categories?post=9663"},{"taxonomy":"post_tag","embeddable":true,"href":"https:\/\/armstrongyregion.com.ar\/diario\/wp-json\/wp\/v2\/tags?post=9663"}],"curies":[{"name":"wp","href":"https:\/\/api.w.org\/{rel}","templated":true}]}}