{"id":9660,"date":"2016-09-20T21:10:35","date_gmt":"2016-09-20T21:10:35","guid":{"rendered":"https:\/\/armstrongyregion.com.ar\/diario\/?p=9660"},"modified":"2016-09-20T21:10:35","modified_gmt":"2016-09-20T21:10:35","slug":"festejos-primavera-2016-en-armstrong","status":"publish","type":"post","link":"https:\/\/armstrongyregion.com.ar\/diario\/festejos-primavera-2016-en-armstrong\/","title":{"rendered":"Festejos Primavera 2016 en Armstrong."},"content":{"rendered":"<p><a href=\"http:\/\/armstrongyregion.com.ar\/diario\/wp-content\/uploads\/2016\/09\/primavera-2016.jpg\"><img loading=\"lazy\" decoding=\"async\" src=\"http:\/\/armstrongyregion.com.ar\/diario\/wp-content\/uploads\/2016\/09\/primavera-2016-1024x723.jpg\" alt=\"primavera-2016\" width=\"800\" height=\"565\" class=\"alignnone size-large wp-image-9661\" srcset=\"https:\/\/armstrongyregion.com.ar\/diario\/wp-content\/uploads\/2016\/09\/primavera-2016-1024x723.jpg 1024w, https:\/\/armstrongyregion.com.ar\/diario\/wp-content\/uploads\/2016\/09\/primavera-2016-300x212.jpg 300w\" sizes=\"auto, (max-width: 800px) 100vw, 800px\" \/><\/a>La Municipalidad de Armstrong a trav\u00e9s del Departamento de Juventud invita a todos a participar del festejo por el d\u00eda del estudiante que se realizar\u00e1 el mi\u00e9rcoles 21 de septiembre desde las 15 hs. en el Parque Bracito Fuerte.<br \/>\nGrandes y chicos est\u00e1n convocados a festejar tambi\u00e9n la llegada de la primavera 2016 con una tarde muy divertida donde habr\u00e1 mucha m\u00fasica, animaci\u00f3n, juegos grupales e individuales para todas las edades, importantes premios aportados por comercios locales, adem\u00e1s de una gran novedad: una cabina fotogr\u00e1fica disponible para todos aquellos que se quieran llevar un recuerdo de este evento de manera gratuita.<\/p>\n<p> Y como todos los a\u00f1os, la tradicional elecci\u00f3n del Rey y la Reina con premios en \u00f3rdenes de compra.<\/p>\n<p>El buffet ser\u00e1 atendido por los Centros de Estudiantes de las Escuelas N\u00ba 33 y N\u00ba 51 donde ofrecer\u00e1n tortas, hamburguesas, panchos, gaseosas y agua caliente para el mate.<\/p>\n<p>En caso de lluvia, esta fiesta se trasladar\u00e1 a la Estaci\u00f3n M\u00e1s.<\/p>\n","protected":false},"excerpt":{"rendered":"<p>La Municipalidad de Armstrong a trav\u00e9s del Departamento de Juventud invita a todos a participar del festejo por el d\u00eda del estudiante que se realizar\u00e1 el mi\u00e9rcoles 21 de septiembre desde las 15 hs. en el Parque Bracito Fuerte. Grandes y chicos est\u00e1n convocados a festejar tambi\u00e9n la llegada de la primavera 2016 con una <a href=\"https:\/\/armstrongyregion.com.ar\/diario\/festejos-primavera-2016-en-armstrong\/\" title=\"Read more\" >&#8230;<\/a><\/p>\n","protected":false},"author":2,"featured_media":9661,"comment_status":"open","ping_status":"open","sticky":false,"template":"","format":"standard","meta":{"_jetpack_memberships_contains_paid_content":false,"footnotes":"","jetpack_publicize_message":"","jetpack_publicize_feature_enabled":true,"jetpack_social_post_already_shared":false,"jetpack_social_options":{"image_generator_settings":{"template":"highway","default_image_id":0,"enabled":false},"version":2}},"categories":[6,1,2],"tags":[3115,841,2793],"class_list":["post-9660","post","type-post","status-publish","format-standard","has-post-thumbnail","hentry","category-cultura-entretenimiento","category-diario-armstrong","category-locales","tag-3115","tag-festejos","tag-primavera"],"jetpack_publicize_connections":[],"jetpack_featured_media_url":"https:\/\/armstrongyregion.com.ar\/diario\/wp-content\/uploads\/2016\/09\/primavera-2016.jpg","jetpack_shortlink":"https:\/\/wp.me\/p62QDO-2vO","jetpack_sharing_enabled":true,"amp_enabled":true,"_links":{"self":[{"href":"https:\/\/armstrongyregion.com.ar\/diario\/wp-json\/wp\/v2\/posts\/9660","targetHints":{"allow":["GET"]}}],"collection":[{"href":"https:\/\/armstrongyregion.com.ar\/diario\/wp-json\/wp\/v2\/posts"}],"about":[{"href":"https:\/\/armstrongyregion.com.ar\/diario\/wp-json\/wp\/v2\/types\/post"}],"author":[{"embeddable":true,"href":"https:\/\/armstrongyregion.com.ar\/diario\/wp-json\/wp\/v2\/users\/2"}],"replies":[{"embeddable":true,"href":"https:\/\/armstrongyregion.com.ar\/diario\/wp-json\/wp\/v2\/comments?post=9660"}],"version-history":[{"count":0,"href":"https:\/\/armstrongyregion.com.ar\/diario\/wp-json\/wp\/v2\/posts\/9660\/revisions"}],"wp:featuredmedia":[{"embeddable":true,"href":"https:\/\/armstrongyregion.com.ar\/diario\/wp-json\/wp\/v2\/media\/9661"}],"wp:attachment":[{"href":"https:\/\/armstrongyregion.com.ar\/diario\/wp-json\/wp\/v2\/media?parent=9660"}],"wp:term":[{"taxonomy":"category","embeddable":true,"href":"https:\/\/armstrongyregion.com.ar\/diario\/wp-json\/wp\/v2\/categories?post=9660"},{"taxonomy":"post_tag","embeddable":true,"href":"https:\/\/armstrongyregion.com.ar\/diario\/wp-json\/wp\/v2\/tags?post=9660"}],"curies":[{"name":"wp","href":"https:\/\/api.w.org\/{rel}","templated":true}]}}