{"id":9654,"date":"2016-09-20T12:59:19","date_gmt":"2016-09-20T12:59:19","guid":{"rendered":"https:\/\/armstrongyregion.com.ar\/diario\/?p=9654"},"modified":"2016-09-20T12:59:19","modified_gmt":"2016-09-20T12:59:19","slug":"este-martes-en-deliberando-la-fiesta-pyme-2016-las-parejas","status":"publish","type":"post","link":"https:\/\/armstrongyregion.com.ar\/diario\/este-martes-en-deliberando-la-fiesta-pyme-2016-las-parejas\/","title":{"rendered":"Este martes en DELIBERANDO: La Fiesta PyME 2016 Las Parejas"},"content":{"rendered":"<p><a href=\"http:\/\/armstrongyregion.com.ar\/diario\/wp-content\/uploads\/2016\/09\/DSC_0910.jpg\"><img loading=\"lazy\" decoding=\"async\" src=\"http:\/\/armstrongyregion.com.ar\/diario\/wp-content\/uploads\/2016\/09\/DSC_0910-1024x683.jpg\" alt=\"dsc_0910\" width=\"800\" height=\"534\" class=\"alignnone size-large wp-image-9655\" srcset=\"https:\/\/armstrongyregion.com.ar\/diario\/wp-content\/uploads\/2016\/09\/DSC_0910-1024x683.jpg 1024w, https:\/\/armstrongyregion.com.ar\/diario\/wp-content\/uploads\/2016\/09\/DSC_0910-300x200.jpg 300w\" sizes=\"auto, (max-width: 800px) 100vw, 800px\" \/><\/a>Todos los detalles art\u00edsticos y culturales que se podr\u00e1n observar en la muestra agro-industrial que representa a la ciudad de Las Parejas y la regi\u00f3n tendr\u00e1 su momento durante los d\u00edas 7, 8 y 9 de octubre en el predio del Parque Municipal de esa ciudad.<br \/>\nLa cartelera d\u00eda por d\u00eda, como as\u00ed tambi\u00e9n atractivos que habr\u00e1 para los ni\u00f1os ser\u00e1n explicados por la directora de cultura y educaci\u00f3n de esa ciudad profesora Erica Molteni.<br \/>\nEste a\u00f1o con el agregado de ser una de las sedes del Pre-Cosquin 2017, que dar\u00e1 a su ganador en los distintos rubros la posibilidad de estar en el escenario mayor del folclore en el 2017.<br \/>\nTodo estos detalles este martes en DELIBERANDO, con la conducci\u00f3n de la licenciada Graciela de la Casa y Oscar Crispino.<br \/>\nMartes 21,00hs Cable Imagen Armstrong.<br \/>\nJueves 22hs Cablevision.<\/p>\n","protected":false},"excerpt":{"rendered":"<p>Todos los detalles art\u00edsticos y culturales que se podr\u00e1n observar en la muestra agro-industrial que representa a la ciudad de Las Parejas y la regi\u00f3n tendr\u00e1 su momento durante los d\u00edas 7, 8 y 9 de octubre en el predio del Parque Municipal de esa ciudad. La cartelera d\u00eda por d\u00eda, como as\u00ed tambi\u00e9n atractivos <a href=\"https:\/\/armstrongyregion.com.ar\/diario\/este-martes-en-deliberando-la-fiesta-pyme-2016-las-parejas\/\" title=\"Read more\" >&#8230;<\/a><\/p>\n","protected":false},"author":2,"featured_media":9655,"comment_status":"open","ping_status":"open","sticky":false,"template":"","format":"standard","meta":{"_jetpack_memberships_contains_paid_content":false,"footnotes":"","jetpack_publicize_message":"","jetpack_publicize_feature_enabled":true,"jetpack_social_post_already_shared":false,"jetpack_social_options":{"image_generator_settings":{"template":"highway","default_image_id":0,"enabled":false},"version":2}},"categories":[1,2,3],"tags":[3115,4417,620,23,24,2432],"class_list":["post-9654","post","type-post","status-publish","format-standard","has-post-thumbnail","hentry","category-diario-armstrong","category-locales","category-region","tag-3115","tag-este-martes-en-deliberando-la","tag-fiesta","tag-las","tag-parejas","tag-pyme"],"jetpack_publicize_connections":[],"jetpack_featured_media_url":"https:\/\/armstrongyregion.com.ar\/diario\/wp-content\/uploads\/2016\/09\/DSC_0910.jpg","jetpack_shortlink":"https:\/\/wp.me\/p62QDO-2vI","jetpack_sharing_enabled":true,"amp_enabled":true,"_links":{"self":[{"href":"https:\/\/armstrongyregion.com.ar\/diario\/wp-json\/wp\/v2\/posts\/9654","targetHints":{"allow":["GET"]}}],"collection":[{"href":"https:\/\/armstrongyregion.com.ar\/diario\/wp-json\/wp\/v2\/posts"}],"about":[{"href":"https:\/\/armstrongyregion.com.ar\/diario\/wp-json\/wp\/v2\/types\/post"}],"author":[{"embeddable":true,"href":"https:\/\/armstrongyregion.com.ar\/diario\/wp-json\/wp\/v2\/users\/2"}],"replies":[{"embeddable":true,"href":"https:\/\/armstrongyregion.com.ar\/diario\/wp-json\/wp\/v2\/comments?post=9654"}],"version-history":[{"count":0,"href":"https:\/\/armstrongyregion.com.ar\/diario\/wp-json\/wp\/v2\/posts\/9654\/revisions"}],"wp:featuredmedia":[{"embeddable":true,"href":"https:\/\/armstrongyregion.com.ar\/diario\/wp-json\/wp\/v2\/media\/9655"}],"wp:attachment":[{"href":"https:\/\/armstrongyregion.com.ar\/diario\/wp-json\/wp\/v2\/media?parent=9654"}],"wp:term":[{"taxonomy":"category","embeddable":true,"href":"https:\/\/armstrongyregion.com.ar\/diario\/wp-json\/wp\/v2\/categories?post=9654"},{"taxonomy":"post_tag","embeddable":true,"href":"https:\/\/armstrongyregion.com.ar\/diario\/wp-json\/wp\/v2\/tags?post=9654"}],"curies":[{"name":"wp","href":"https:\/\/api.w.org\/{rel}","templated":true}]}}